{"id":26430,"date":"2026-04-29T16:49:07","date_gmt":"2026-04-29T14:49:07","guid":{"rendered":"https:\/\/ddz.de\/?p=26430"},"modified":"2026-04-29T16:50:33","modified_gmt":"2026-04-29T14:50:33","slug":"ddz-beteiligt-sich-mit-vier-staffeln-am-duesseldorf-marathon","status":"publish","type":"post","link":"https:\/\/ddz.de\/en\/ddz-beteiligt-sich-mit-vier-staffeln-am-duesseldorf-marathon\/","title":{"rendered":"DDZ beteiligt sich mit vier Staffeln am D\u00fcsseldorf Marathon"},"content":{"rendered":"\n<p><strong>Am letzten Aprilwochenende zeigte das Deutsche Diabetes-Zentrum (DDZ) erneut sportlichen Einsatz und nahm mit vier Staffeln am diesj\u00e4hrigen Uniper D\u00fcsseldorf Marathon teil. Bei fr\u00fchlingshaftem Wetter stellten die L\u00e4uferinnen und L\u00e4ufer Teamgeist, Ausdauer und Motivation unter Beweis.<\/strong><\/p>\n\n\n\n<p>Vertreten war das DDZ mit einer Staffel aus dem Nationalen Diabetes Informationszentrum, zwei Staffeln aus dem Institut f\u00fcr Klinische Biochemie und Pathobiochemie sowie einer gemischten Staffel aus verschiedenen Instituten und der Verwaltung. Gemeinsam gingen die Mitarbeitenden f\u00fcr das DDZ an den Start und bewiesen, dass wissenschaftliches Engagement und sportlicher Einsatz Hand in Hand gehen.<\/p>\n\n\n\n<p>Nach dem Start am Joseph-Beuys-Ufer f\u00fchrte die Strecke \u00fcber die Oberkasseler Br\u00fccke auf die linke Rheinseite, zur\u00fcck in die Innenstadt, vorbei am Zoopark und schlie\u00dflich bis ins Ziel im Medienhafen.<\/p>\n\n\n\n<p>\u201eMit der Teilnahme am Marathon setzen wir ein aktives Zeichen f\u00fcr Bewegung. Ein bewegungsarmer Lebensstil erh\u00f6ht das Risiko f\u00fcr \u00dcbergewicht und Typ-2-Diabetes deutlich. Wer sich regelm\u00e4\u00dfig und entsprechend seines Alters und Fitnesslevels bewegt, kann aktiv zur Vorbeugung und Behandlung von Typ-2-Diabetes beitragen\u201c, sagte Professor Michael Roden, Wissenschaftlicher Gesch\u00e4ftsf\u00fchrer und Sprecher des Vorstands des DDZ sowie Direktor der Klinik f\u00fcr Endokrinologie und Diabetologie am Universit\u00e4tsklinikum D\u00fcsseldorf.<\/p>\n\n\n\n<p>Auch im kommenden Jahr plant das DDZ, bei diesem sportlichen Highlight der Region wieder mit mehreren Staffeln an den Start zu gehen.<\/p>\n","protected":false},"excerpt":{"rendered":"<p>Am letzten Aprilwochenende zeigte das Deutsche Diabetes-Zentrum (DDZ) erneut sportlichen Einsatz und nahm mit vier Staffeln am diesj\u00e4hrigen Uniper D\u00fcsseldorf Marathon teil. Bei fr\u00fchlingshaftem Wetter stellten die L\u00e4uferinnen und L\u00e4ufer [&hellip;]<\/p>\n","protected":false},"author":10,"featured_media":26431,"comment_status":"closed","ping_status":"closed","sticky":false,"template":"","format":"standard","meta":{"_acf_changed":false,"_FSMCFIC_featured_image_caption":"","_FSMCFIC_featured_image_nocaption":"","_FSMCFIC_featured_image_hide":"","footnotes":""},"categories":[38,1],"tags":[59,58,221],"class_list":["post-26430","post","type-post","status-publish","format-standard","has-post-thumbnail","hentry","category-pressemitteilungen","category-unkategorisiert","tag-news","tag-pressemitteilungen","tag-veranstaltung"],"acf":{"attachments":false},"yoast_head":"<!-- This site is optimized with the Yoast SEO plugin v27.2 - https:\/\/yoast.com\/product\/yoast-seo-wordpress\/ -->\n<title>DDZ beteiligt sich mit vier Staffeln am D\u00fcsseldorf Marathon - Deutsches Diabetes-Zentrum (DDZ)<\/title>\n<meta name=\"robots\" content=\"index, follow, max-snippet:-1, max-image-preview:large, max-video-preview:-1\" \/>\n<link rel=\"canonical\" href=\"https:\/\/ddz.de\/en\/ddz-beteiligt-sich-mit-vier-staffeln-am-duesseldorf-marathon\/\" \/>\n<meta property=\"og:locale\" content=\"en_US\" \/>\n<meta property=\"og:type\" content=\"article\" \/>\n<meta property=\"og:title\" content=\"DDZ beteiligt sich mit vier Staffeln am D\u00fcsseldorf Marathon - Deutsches Diabetes-Zentrum (DDZ)\" \/>\n<meta property=\"og:description\" content=\"Am letzten Aprilwochenende zeigte das Deutsche Diabetes-Zentrum (DDZ) erneut sportlichen Einsatz und nahm mit vier Staffeln am diesj\u00e4hrigen Uniper D\u00fcsseldorf Marathon teil. Bei fr\u00fchlingshaftem Wetter stellten die L\u00e4uferinnen und L\u00e4ufer [&hellip;]\" \/>\n<meta property=\"og:url\" content=\"https:\/\/ddz.de\/en\/ddz-beteiligt-sich-mit-vier-staffeln-am-duesseldorf-marathon\/\" \/>\n<meta property=\"og:site_name\" content=\"Deutsches Diabetes-Zentrum (DDZ)\" \/>\n<meta property=\"article:publisher\" content=\"https:\/\/www.facebook.com\/diabetesinformationsdienst\/\" \/>\n<meta property=\"article:published_time\" content=\"2026-04-29T14:49:07+00:00\" \/>\n<meta property=\"article:modified_time\" content=\"2026-04-29T14:50:33+00:00\" \/>\n<meta property=\"og:image\" content=\"https:\/\/ddz.de\/wp-content\/uploads\/P1008892-scaled.jpg\" \/>\n\t<meta property=\"og:image:width\" content=\"2560\" \/>\n\t<meta property=\"og:image:height\" content=\"1711\" \/>\n\t<meta property=\"og:image:type\" content=\"image\/jpeg\" \/>\n<meta name=\"author\" content=\"Susan J\u00f6rges\" \/>\n<meta name=\"twitter:card\" content=\"summary_large_image\" \/>\n<meta name=\"twitter:creator\" content=\"@ddz_info\" \/>\n<meta name=\"twitter:site\" content=\"@ddz_info\" \/>\n<meta name=\"twitter:label1\" content=\"Written by\" \/>\n\t<meta name=\"twitter:data1\" content=\"Susan J\u00f6rges\" \/>\n\t<meta name=\"twitter:label2\" content=\"Est. reading time\" \/>\n\t<meta name=\"twitter:data2\" content=\"2 minutes\" \/>\n<script type=\"application\/ld+json\" class=\"yoast-schema-graph\">{\"@context\":\"https:\/\/schema.org\",\"@graph\":[{\"@type\":\"Article\",\"@id\":\"https:\/\/ddz.de\/en\/ddz-beteiligt-sich-mit-vier-staffeln-am-duesseldorf-marathon\/#article\",\"isPartOf\":{\"@id\":\"https:\/\/ddz.de\/en\/ddz-beteiligt-sich-mit-vier-staffeln-am-duesseldorf-marathon\/\"},\"author\":{\"name\":\"Susan J\u00f6rges\",\"@id\":\"https:\/\/ddz.de\/en\/#\/schema\/person\/2c7dd3092a188f613114cc349501b2c7\"},\"headline\":\"DDZ beteiligt sich mit vier Staffeln am D\u00fcsseldorf Marathon\",\"datePublished\":\"2026-04-29T14:49:07+00:00\",\"dateModified\":\"2026-04-29T14:50:33+00:00\",\"mainEntityOfPage\":{\"@id\":\"https:\/\/ddz.de\/en\/ddz-beteiligt-sich-mit-vier-staffeln-am-duesseldorf-marathon\/\"},\"wordCount\":239,\"publisher\":{\"@id\":\"https:\/\/ddz.de\/en\/#organization\"},\"image\":{\"@id\":\"https:\/\/ddz.de\/en\/ddz-beteiligt-sich-mit-vier-staffeln-am-duesseldorf-marathon\/#primaryimage\"},\"thumbnailUrl\":\"https:\/\/ddz.de\/wp-content\/uploads\/P1008892-scaled.jpg\",\"keywords\":[\"News\",\"Pressemitteilungen\",\"Veranstaltung\"],\"articleSection\":[\"Pressemitteilungen\",\"Unkategorisiert\"],\"inLanguage\":\"en-US\"},{\"@type\":\"WebPage\",\"@id\":\"https:\/\/ddz.de\/en\/ddz-beteiligt-sich-mit-vier-staffeln-am-duesseldorf-marathon\/\",\"url\":\"https:\/\/ddz.de\/en\/ddz-beteiligt-sich-mit-vier-staffeln-am-duesseldorf-marathon\/\",\"name\":\"DDZ beteiligt sich mit vier Staffeln am D\u00fcsseldorf Marathon - Deutsches Diabetes-Zentrum (DDZ)\",\"isPartOf\":{\"@id\":\"https:\/\/ddz.de\/en\/#website\"},\"primaryImageOfPage\":{\"@id\":\"https:\/\/ddz.de\/en\/ddz-beteiligt-sich-mit-vier-staffeln-am-duesseldorf-marathon\/#primaryimage\"},\"image\":{\"@id\":\"https:\/\/ddz.de\/en\/ddz-beteiligt-sich-mit-vier-staffeln-am-duesseldorf-marathon\/#primaryimage\"},\"thumbnailUrl\":\"https:\/\/ddz.de\/wp-content\/uploads\/P1008892-scaled.jpg\",\"datePublished\":\"2026-04-29T14:49:07+00:00\",\"dateModified\":\"2026-04-29T14:50:33+00:00\",\"breadcrumb\":{\"@id\":\"https:\/\/ddz.de\/en\/ddz-beteiligt-sich-mit-vier-staffeln-am-duesseldorf-marathon\/#breadcrumb\"},\"inLanguage\":\"en-US\",\"potentialAction\":[{\"@type\":\"ReadAction\",\"target\":[\"https:\/\/ddz.de\/en\/ddz-beteiligt-sich-mit-vier-staffeln-am-duesseldorf-marathon\/\"]}]},{\"@type\":\"ImageObject\",\"inLanguage\":\"en-US\",\"@id\":\"https:\/\/ddz.de\/en\/ddz-beteiligt-sich-mit-vier-staffeln-am-duesseldorf-marathon\/#primaryimage\",\"url\":\"https:\/\/ddz.de\/wp-content\/uploads\/P1008892-scaled.jpg\",\"contentUrl\":\"https:\/\/ddz.de\/wp-content\/uploads\/P1008892-scaled.jpg\",\"width\":2560,\"height\":1711,\"caption\":\"Vier DDZ-Staffeln traten beim diesj\u00e4hrigen D\u00fcsseldorfer Marathon an.\"},{\"@type\":\"BreadcrumbList\",\"@id\":\"https:\/\/ddz.de\/en\/ddz-beteiligt-sich-mit-vier-staffeln-am-duesseldorf-marathon\/#breadcrumb\",\"itemListElement\":[{\"@type\":\"ListItem\",\"position\":1,\"name\":\"Startseite\",\"item\":\"https:\/\/ddz.de\/en\/\"},{\"@type\":\"ListItem\",\"position\":2,\"name\":\"DDZ beteiligt sich mit vier Staffeln am D\u00fcsseldorf Marathon\"}]},{\"@type\":\"WebSite\",\"@id\":\"https:\/\/ddz.de\/en\/#website\",\"url\":\"https:\/\/ddz.de\/en\/\",\"name\":\"Deutsches Diabetes-Zentrum (DDZ)\",\"description\":\"Diabetes erforschen - Menschen helfen\",\"publisher\":{\"@id\":\"https:\/\/ddz.de\/en\/#organization\"},\"potentialAction\":[{\"@type\":\"SearchAction\",\"target\":{\"@type\":\"EntryPoint\",\"urlTemplate\":\"https:\/\/ddz.de\/en\/?s={search_term_string}\"},\"query-input\":{\"@type\":\"PropertyValueSpecification\",\"valueRequired\":true,\"valueName\":\"search_term_string\"}}],\"inLanguage\":\"en-US\"},{\"@type\":\"Organization\",\"@id\":\"https:\/\/ddz.de\/en\/#organization\",\"name\":\"Deutsches Diabetes-Zentrum (DDZ)\",\"url\":\"https:\/\/ddz.de\/en\/\",\"logo\":{\"@type\":\"ImageObject\",\"inLanguage\":\"en-US\",\"@id\":\"https:\/\/ddz.de\/en\/#\/schema\/logo\/image\/\",\"url\":\"https:\/\/ddz.de\/wp-content\/uploads\/ddz_logo_de.png\",\"contentUrl\":\"https:\/\/ddz.de\/wp-content\/uploads\/ddz_logo_de.png\",\"width\":640,\"height\":226,\"caption\":\"Deutsches Diabetes-Zentrum (DDZ)\"},\"image\":{\"@id\":\"https:\/\/ddz.de\/en\/#\/schema\/logo\/image\/\"},\"sameAs\":[\"https:\/\/www.facebook.com\/diabetesinformationsdienst\/\",\"https:\/\/x.com\/ddz_info\",\"https:\/\/www.youtube.com\/channel\/UCNxwshEljrBJXPri-w9IiLg\"]},{\"@type\":\"Person\",\"@id\":\"https:\/\/ddz.de\/en\/#\/schema\/person\/2c7dd3092a188f613114cc349501b2c7\",\"name\":\"Susan J\u00f6rges\",\"image\":{\"@type\":\"ImageObject\",\"inLanguage\":\"en-US\",\"@id\":\"https:\/\/secure.gravatar.com\/avatar\/214be17eb4c5d5fc7e8f068827d3e1b7d73004f7995b0db9712b7cb4fbcddf38?s=96&d=mm&r=g\",\"url\":\"https:\/\/secure.gravatar.com\/avatar\/214be17eb4c5d5fc7e8f068827d3e1b7d73004f7995b0db9712b7cb4fbcddf38?s=96&d=mm&r=g\",\"contentUrl\":\"https:\/\/secure.gravatar.com\/avatar\/214be17eb4c5d5fc7e8f068827d3e1b7d73004f7995b0db9712b7cb4fbcddf38?s=96&d=mm&r=g\",\"caption\":\"Susan J\u00f6rges\"}}]}<\/script>\n<!-- \/ Yoast SEO plugin. -->","yoast_head_json":{"title":"DDZ beteiligt sich mit vier Staffeln am D\u00fcsseldorf Marathon - Deutsches Diabetes-Zentrum (DDZ)","robots":{"index":"index","follow":"follow","max-snippet":"max-snippet:-1","max-image-preview":"max-image-preview:large","max-video-preview":"max-video-preview:-1"},"canonical":"https:\/\/ddz.de\/en\/ddz-beteiligt-sich-mit-vier-staffeln-am-duesseldorf-marathon\/","og_locale":"en_US","og_type":"article","og_title":"DDZ beteiligt sich mit vier Staffeln am D\u00fcsseldorf Marathon - Deutsches Diabetes-Zentrum (DDZ)","og_description":"Am letzten Aprilwochenende zeigte das Deutsche Diabetes-Zentrum (DDZ) erneut sportlichen Einsatz und nahm mit vier Staffeln am diesj\u00e4hrigen Uniper D\u00fcsseldorf Marathon teil. Bei fr\u00fchlingshaftem Wetter stellten die L\u00e4uferinnen und L\u00e4ufer [&hellip;]","og_url":"https:\/\/ddz.de\/en\/ddz-beteiligt-sich-mit-vier-staffeln-am-duesseldorf-marathon\/","og_site_name":"Deutsches Diabetes-Zentrum (DDZ)","article_publisher":"https:\/\/www.facebook.com\/diabetesinformationsdienst\/","article_published_time":"2026-04-29T14:49:07+00:00","article_modified_time":"2026-04-29T14:50:33+00:00","og_image":[{"width":2560,"height":1711,"url":"https:\/\/ddz.de\/wp-content\/uploads\/P1008892-scaled.jpg","type":"image\/jpeg"}],"author":"Susan J\u00f6rges","twitter_card":"summary_large_image","twitter_creator":"@ddz_info","twitter_site":"@ddz_info","twitter_misc":{"Written by":"Susan J\u00f6rges","Est. reading time":"2 minutes"},"schema":{"@context":"https:\/\/schema.org","@graph":[{"@type":"Article","@id":"https:\/\/ddz.de\/en\/ddz-beteiligt-sich-mit-vier-staffeln-am-duesseldorf-marathon\/#article","isPartOf":{"@id":"https:\/\/ddz.de\/en\/ddz-beteiligt-sich-mit-vier-staffeln-am-duesseldorf-marathon\/"},"author":{"name":"Susan J\u00f6rges","@id":"https:\/\/ddz.de\/en\/#\/schema\/person\/2c7dd3092a188f613114cc349501b2c7"},"headline":"DDZ beteiligt sich mit vier Staffeln am D\u00fcsseldorf Marathon","datePublished":"2026-04-29T14:49:07+00:00","dateModified":"2026-04-29T14:50:33+00:00","mainEntityOfPage":{"@id":"https:\/\/ddz.de\/en\/ddz-beteiligt-sich-mit-vier-staffeln-am-duesseldorf-marathon\/"},"wordCount":239,"publisher":{"@id":"https:\/\/ddz.de\/en\/#organization"},"image":{"@id":"https:\/\/ddz.de\/en\/ddz-beteiligt-sich-mit-vier-staffeln-am-duesseldorf-marathon\/#primaryimage"},"thumbnailUrl":"https:\/\/ddz.de\/wp-content\/uploads\/P1008892-scaled.jpg","keywords":["News","Pressemitteilungen","Veranstaltung"],"articleSection":["Pressemitteilungen","Unkategorisiert"],"inLanguage":"en-US"},{"@type":"WebPage","@id":"https:\/\/ddz.de\/en\/ddz-beteiligt-sich-mit-vier-staffeln-am-duesseldorf-marathon\/","url":"https:\/\/ddz.de\/en\/ddz-beteiligt-sich-mit-vier-staffeln-am-duesseldorf-marathon\/","name":"DDZ beteiligt sich mit vier Staffeln am D\u00fcsseldorf Marathon - Deutsches Diabetes-Zentrum (DDZ)","isPartOf":{"@id":"https:\/\/ddz.de\/en\/#website"},"primaryImageOfPage":{"@id":"https:\/\/ddz.de\/en\/ddz-beteiligt-sich-mit-vier-staffeln-am-duesseldorf-marathon\/#primaryimage"},"image":{"@id":"https:\/\/ddz.de\/en\/ddz-beteiligt-sich-mit-vier-staffeln-am-duesseldorf-marathon\/#primaryimage"},"thumbnailUrl":"https:\/\/ddz.de\/wp-content\/uploads\/P1008892-scaled.jpg","datePublished":"2026-04-29T14:49:07+00:00","dateModified":"2026-04-29T14:50:33+00:00","breadcrumb":{"@id":"https:\/\/ddz.de\/en\/ddz-beteiligt-sich-mit-vier-staffeln-am-duesseldorf-marathon\/#breadcrumb"},"inLanguage":"en-US","potentialAction":[{"@type":"ReadAction","target":["https:\/\/ddz.de\/en\/ddz-beteiligt-sich-mit-vier-staffeln-am-duesseldorf-marathon\/"]}]},{"@type":"ImageObject","inLanguage":"en-US","@id":"https:\/\/ddz.de\/en\/ddz-beteiligt-sich-mit-vier-staffeln-am-duesseldorf-marathon\/#primaryimage","url":"https:\/\/ddz.de\/wp-content\/uploads\/P1008892-scaled.jpg","contentUrl":"https:\/\/ddz.de\/wp-content\/uploads\/P1008892-scaled.jpg","width":2560,"height":1711,"caption":"Vier DDZ-Staffeln traten beim diesj\u00e4hrigen D\u00fcsseldorfer Marathon an."},{"@type":"BreadcrumbList","@id":"https:\/\/ddz.de\/en\/ddz-beteiligt-sich-mit-vier-staffeln-am-duesseldorf-marathon\/#breadcrumb","itemListElement":[{"@type":"ListItem","position":1,"name":"Startseite","item":"https:\/\/ddz.de\/en\/"},{"@type":"ListItem","position":2,"name":"DDZ beteiligt sich mit vier Staffeln am D\u00fcsseldorf Marathon"}]},{"@type":"WebSite","@id":"https:\/\/ddz.de\/en\/#website","url":"https:\/\/ddz.de\/en\/","name":"Deutsches Diabetes-Zentrum (DDZ)","description":"Diabetes erforschen - Menschen helfen","publisher":{"@id":"https:\/\/ddz.de\/en\/#organization"},"potentialAction":[{"@type":"SearchAction","target":{"@type":"EntryPoint","urlTemplate":"https:\/\/ddz.de\/en\/?s={search_term_string}"},"query-input":{"@type":"PropertyValueSpecification","valueRequired":true,"valueName":"search_term_string"}}],"inLanguage":"en-US"},{"@type":"Organization","@id":"https:\/\/ddz.de\/en\/#organization","name":"Deutsches Diabetes-Zentrum (DDZ)","url":"https:\/\/ddz.de\/en\/","logo":{"@type":"ImageObject","inLanguage":"en-US","@id":"https:\/\/ddz.de\/en\/#\/schema\/logo\/image\/","url":"https:\/\/ddz.de\/wp-content\/uploads\/ddz_logo_de.png","contentUrl":"https:\/\/ddz.de\/wp-content\/uploads\/ddz_logo_de.png","width":640,"height":226,"caption":"Deutsches Diabetes-Zentrum (DDZ)"},"image":{"@id":"https:\/\/ddz.de\/en\/#\/schema\/logo\/image\/"},"sameAs":["https:\/\/www.facebook.com\/diabetesinformationsdienst\/","https:\/\/x.com\/ddz_info","https:\/\/www.youtube.com\/channel\/UCNxwshEljrBJXPri-w9IiLg"]},{"@type":"Person","@id":"https:\/\/ddz.de\/en\/#\/schema\/person\/2c7dd3092a188f613114cc349501b2c7","name":"Susan J\u00f6rges","image":{"@type":"ImageObject","inLanguage":"en-US","@id":"https:\/\/secure.gravatar.com\/avatar\/214be17eb4c5d5fc7e8f068827d3e1b7d73004f7995b0db9712b7cb4fbcddf38?s=96&d=mm&r=g","url":"https:\/\/secure.gravatar.com\/avatar\/214be17eb4c5d5fc7e8f068827d3e1b7d73004f7995b0db9712b7cb4fbcddf38?s=96&d=mm&r=g","contentUrl":"https:\/\/secure.gravatar.com\/avatar\/214be17eb4c5d5fc7e8f068827d3e1b7d73004f7995b0db9712b7cb4fbcddf38?s=96&d=mm&r=g","caption":"Susan J\u00f6rges"}}]}},"_links":{"self":[{"href":"https:\/\/ddz.de\/en\/wp-json\/wp\/v2\/posts\/26430","targetHints":{"allow":["GET"]}}],"collection":[{"href":"https:\/\/ddz.de\/en\/wp-json\/wp\/v2\/posts"}],"about":[{"href":"https:\/\/ddz.de\/en\/wp-json\/wp\/v2\/types\/post"}],"author":[{"embeddable":true,"href":"https:\/\/ddz.de\/en\/wp-json\/wp\/v2\/users\/10"}],"replies":[{"embeddable":true,"href":"https:\/\/ddz.de\/en\/wp-json\/wp\/v2\/comments?post=26430"}],"version-history":[{"count":1,"href":"https:\/\/ddz.de\/en\/wp-json\/wp\/v2\/posts\/26430\/revisions"}],"predecessor-version":[{"id":26433,"href":"https:\/\/ddz.de\/en\/wp-json\/wp\/v2\/posts\/26430\/revisions\/26433"}],"wp:featuredmedia":[{"embeddable":true,"href":"https:\/\/ddz.de\/en\/wp-json\/wp\/v2\/media\/26431"}],"wp:attachment":[{"href":"https:\/\/ddz.de\/en\/wp-json\/wp\/v2\/media?parent=26430"}],"wp:term":[{"taxonomy":"category","embeddable":true,"href":"https:\/\/ddz.de\/en\/wp-json\/wp\/v2\/categories?post=26430"},{"taxonomy":"post_tag","embeddable":true,"href":"https:\/\/ddz.de\/en\/wp-json\/wp\/v2\/tags?post=26430"}],"curies":[{"name":"wp","href":"https:\/\/api.w.org\/{rel}","templated":true}]}}