{"id":25546,"date":"2025-11-28T08:28:13","date_gmt":"2025-11-28T07:28:13","guid":{"rendered":"https:\/\/ddz.de\/?p=25546"},"modified":"2025-11-28T08:28:14","modified_gmt":"2025-11-28T07:28:14","slug":"das-ddz-begruesst-susanne-u-reif-als-neue-kaufmaennische-vorstaendin","status":"publish","type":"post","link":"https:\/\/ddz.de\/en\/das-ddz-begruesst-susanne-u-reif-als-neue-kaufmaennische-vorstaendin\/","title":{"rendered":"Das DDZ begr\u00fc\u00dft Susanne U. Reif als neue kaufm\u00e4nnische Vorst\u00e4ndin"},"content":{"rendered":"\n<p><strong>Das Deutsche Diabetes-Zentrum (DDZ) stellt sich in der kaufm\u00e4nnischen Leitung neu auf: Zum 1. Oktober 2025 hat Susanne U. Reif die kaufm\u00e4nnische Gesch\u00e4ftsf\u00fchrung \u00fcbernommen. Sie folgt auf Andreas Fidelak, der das DDZ seit 2013 ma\u00dfgeblich gepr\u00e4gt und zahlreiche infrastrukturelle und nachhaltigkeitsorientierte Projekte umgesetzt hat und nun in den Ruhestand tritt. Reif bringt umfassende Erfahrung aus dem Deutschen Zentrum f\u00fcr Luft- und Raumfahrt (DLR) sowie aus der Steuerung komplexer Beteiligungs- und Aufbauprojekte mit.<\/strong><\/p>\n\n\n\n<p>Mit Susanne U. Reif \u00fcbernimmt eine erfahrene Managerin und Juristin die kaufm\u00e4nnische Leitung und Verwaltung des DDZ. Reif war seit 2002 im DLR in K\u00f6ln t\u00e4tig, zuletzt als stellvertretende Leiterin der Stabsabteilung Revision und Unternehmensbeteiligungen. Dort verantwortete sie die Steuerung nationaler und internationaler Beteiligungen, unter anderem im Board der German-Dutch Wind Tunnels (DNW) und im Aufsichtsrat der European Transonic Windtunnel GmbH. Zudem etablierte sie rechtliche und organisatorische Rahmenbedingungen f\u00fcr europ\u00e4ische und internationale Kooperationen und leitete den Aufbau des DLR-Instituts f\u00fcr Quantentechnologien sowie des neuen DLR-Standorts in Ulm mit mehreren Instituten.<\/p>\n\n\n\n<p>Reif studierte Rechtswissenschaften mit internationalem Schwerpunkt und sammelte nach dem Zweiten Juristisches Staatsexamen zun\u00e4chst Erfahrungen in einer internationalen Anwaltskanzlei. Im DDZ wird sie k\u00fcnftig die administrativen, finanziellen und infrastrukturellen Bereiche verantworten und wichtige Impulse f\u00fcr die strategische Weiterentwicklung setzen.<\/p>\n\n\n\n<p>\u201eWir freuen uns sehr auf die Zusammenarbeit mit Susanne Reif. Mit ihrer umfassenden Erfahrung in der Steuerung komplexer Verwaltungsstrukturen bringt sie ideale Voraussetzungen f\u00fcr die kommenden Aufgaben mit. Andreas Fidelak hat daf\u00fcr in den vergangenen zw\u00f6lf Jahren ein starkes Fundament gelegt. Gemeinsam haben wir viele wegweisende Projekte umgesetzt, die das DDZ zu einem f\u00fchrenden Forschungszentrum im Bereich Diabetes gemacht haben\u201c, betont Prof. Michael Roden, Wissenschaftlicher Direktor und Sprecher des Vorstands des DDZ und Direktor der Abteilung f\u00fcr Endokrinologie und Diabetologie am Universit\u00e4tsklinikum D\u00fcsseldorf.<\/p>\n\n\n\n<p>Zu den zentralen Projekten von Andreas Fidelak z\u00e4hlen der Anbau des Konferenzsaals mit moderner Medientechnik, der Umbau des Studienzentrums sowie eine umfassende energetische Modernisierung des Zentrums. Besonders pr\u00e4gend war die gro\u00df angelegte Fassadensanierung seit 2020, die die Energieeffizienz des Hauses deutlich verbesserte. Zus\u00e4tzlich setzte Fidelak auf Nachhaltigkeitsma\u00dfnahmen wie ein Blockheizkraftwerk, Sonnenkollektoren, LED-Beleuchtung sowie eine moderne Klima- und L\u00fcftungstechnik in den Laboren.<\/p>\n","protected":false},"excerpt":{"rendered":"<p>Das Deutsche Diabetes-Zentrum (DDZ) stellt sich in der kaufm\u00e4nnischen Leitung neu auf: Zum 1. Oktober 2025 hat Susanne U. Reif die kaufm\u00e4nnische Gesch\u00e4ftsf\u00fchrung \u00fcbernommen. Sie folgt auf Andreas Fidelak, der [&hellip;]<\/p>\n","protected":false},"author":10,"featured_media":25551,"comment_status":"closed","ping_status":"closed","sticky":false,"template":"","format":"standard","meta":{"_acf_changed":false,"_FSMCFIC_featured_image_caption":"","_FSMCFIC_featured_image_nocaption":"","_FSMCFIC_featured_image_hide":"","footnotes":""},"categories":[38,1],"tags":[],"class_list":["post-25546","post","type-post","status-publish","format-standard","has-post-thumbnail","hentry","category-pressemitteilungen","category-unkategorisiert"],"acf":{"attachments":false},"yoast_head":"<!-- This site is optimized with the Yoast SEO plugin v27.2 - https:\/\/yoast.com\/product\/yoast-seo-wordpress\/ -->\n<title>Das DDZ begr\u00fc\u00dft Susanne U. Reif als neue kaufm\u00e4nnische Vorst\u00e4ndin - Deutsches Diabetes-Zentrum (DDZ)<\/title>\n<meta name=\"robots\" content=\"index, follow, max-snippet:-1, max-image-preview:large, max-video-preview:-1\" \/>\n<link rel=\"canonical\" href=\"https:\/\/ddz.de\/en\/das-ddz-begruesst-susanne-u-reif-als-neue-kaufmaennische-vorstaendin\/\" \/>\n<meta property=\"og:locale\" content=\"en_US\" \/>\n<meta property=\"og:type\" content=\"article\" \/>\n<meta property=\"og:title\" content=\"Das DDZ begr\u00fc\u00dft Susanne U. Reif als neue kaufm\u00e4nnische Vorst\u00e4ndin - Deutsches Diabetes-Zentrum (DDZ)\" \/>\n<meta property=\"og:description\" content=\"Das Deutsche Diabetes-Zentrum (DDZ) stellt sich in der kaufm\u00e4nnischen Leitung neu auf: Zum 1. Oktober 2025 hat Susanne U. Reif die kaufm\u00e4nnische Gesch\u00e4ftsf\u00fchrung \u00fcbernommen. Sie folgt auf Andreas Fidelak, der [&hellip;]\" \/>\n<meta property=\"og:url\" content=\"https:\/\/ddz.de\/en\/das-ddz-begruesst-susanne-u-reif-als-neue-kaufmaennische-vorstaendin\/\" \/>\n<meta property=\"og:site_name\" content=\"Deutsches Diabetes-Zentrum (DDZ)\" \/>\n<meta property=\"article:publisher\" content=\"https:\/\/www.facebook.com\/diabetesinformationsdienst\/\" \/>\n<meta property=\"article:published_time\" content=\"2025-11-28T07:28:13+00:00\" \/>\n<meta property=\"article:modified_time\" content=\"2025-11-28T07:28:14+00:00\" \/>\n<meta property=\"og:image\" content=\"https:\/\/ddz.de\/wp-content\/uploads\/01-Fidelak_Reif_Bildnachweis-DDZ.jpg\" \/>\n\t<meta property=\"og:image:width\" content=\"2000\" \/>\n\t<meta property=\"og:image:height\" content=\"1334\" \/>\n\t<meta property=\"og:image:type\" content=\"image\/jpeg\" \/>\n<meta name=\"author\" content=\"Susan J\u00f6rges\" \/>\n<meta name=\"twitter:card\" content=\"summary_large_image\" \/>\n<meta name=\"twitter:creator\" content=\"@ddz_info\" \/>\n<meta name=\"twitter:site\" content=\"@ddz_info\" \/>\n<meta name=\"twitter:label1\" content=\"Written by\" \/>\n\t<meta name=\"twitter:data1\" content=\"Susan J\u00f6rges\" \/>\n\t<meta name=\"twitter:label2\" content=\"Est. reading time\" \/>\n\t<meta name=\"twitter:data2\" content=\"3 minutes\" \/>\n<script type=\"application\/ld+json\" class=\"yoast-schema-graph\">{\"@context\":\"https:\/\/schema.org\",\"@graph\":[{\"@type\":\"Article\",\"@id\":\"https:\/\/ddz.de\/en\/das-ddz-begruesst-susanne-u-reif-als-neue-kaufmaennische-vorstaendin\/#article\",\"isPartOf\":{\"@id\":\"https:\/\/ddz.de\/en\/das-ddz-begruesst-susanne-u-reif-als-neue-kaufmaennische-vorstaendin\/\"},\"author\":{\"name\":\"Susan J\u00f6rges\",\"@id\":\"https:\/\/ddz.de\/en\/#\/schema\/person\/2c7dd3092a188f613114cc349501b2c7\"},\"headline\":\"Das DDZ begr\u00fc\u00dft Susanne U. Reif als neue kaufm\u00e4nnische Vorst\u00e4ndin\",\"datePublished\":\"2025-11-28T07:28:13+00:00\",\"dateModified\":\"2025-11-28T07:28:14+00:00\",\"mainEntityOfPage\":{\"@id\":\"https:\/\/ddz.de\/en\/das-ddz-begruesst-susanne-u-reif-als-neue-kaufmaennische-vorstaendin\/\"},\"wordCount\":381,\"publisher\":{\"@id\":\"https:\/\/ddz.de\/en\/#organization\"},\"image\":{\"@id\":\"https:\/\/ddz.de\/en\/das-ddz-begruesst-susanne-u-reif-als-neue-kaufmaennische-vorstaendin\/#primaryimage\"},\"thumbnailUrl\":\"https:\/\/ddz.de\/wp-content\/uploads\/01-Fidelak_Reif_Bildnachweis-DDZ.jpg\",\"articleSection\":[\"Pressemitteilungen\",\"Unkategorisiert\"],\"inLanguage\":\"en-US\"},{\"@type\":\"WebPage\",\"@id\":\"https:\/\/ddz.de\/en\/das-ddz-begruesst-susanne-u-reif-als-neue-kaufmaennische-vorstaendin\/\",\"url\":\"https:\/\/ddz.de\/en\/das-ddz-begruesst-susanne-u-reif-als-neue-kaufmaennische-vorstaendin\/\",\"name\":\"Das DDZ begr\u00fc\u00dft Susanne U. Reif als neue kaufm\u00e4nnische Vorst\u00e4ndin - Deutsches Diabetes-Zentrum (DDZ)\",\"isPartOf\":{\"@id\":\"https:\/\/ddz.de\/en\/#website\"},\"primaryImageOfPage\":{\"@id\":\"https:\/\/ddz.de\/en\/das-ddz-begruesst-susanne-u-reif-als-neue-kaufmaennische-vorstaendin\/#primaryimage\"},\"image\":{\"@id\":\"https:\/\/ddz.de\/en\/das-ddz-begruesst-susanne-u-reif-als-neue-kaufmaennische-vorstaendin\/#primaryimage\"},\"thumbnailUrl\":\"https:\/\/ddz.de\/wp-content\/uploads\/01-Fidelak_Reif_Bildnachweis-DDZ.jpg\",\"datePublished\":\"2025-11-28T07:28:13+00:00\",\"dateModified\":\"2025-11-28T07:28:14+00:00\",\"breadcrumb\":{\"@id\":\"https:\/\/ddz.de\/en\/das-ddz-begruesst-susanne-u-reif-als-neue-kaufmaennische-vorstaendin\/#breadcrumb\"},\"inLanguage\":\"en-US\",\"potentialAction\":[{\"@type\":\"ReadAction\",\"target\":[\"https:\/\/ddz.de\/en\/das-ddz-begruesst-susanne-u-reif-als-neue-kaufmaennische-vorstaendin\/\"]}]},{\"@type\":\"ImageObject\",\"inLanguage\":\"en-US\",\"@id\":\"https:\/\/ddz.de\/en\/das-ddz-begruesst-susanne-u-reif-als-neue-kaufmaennische-vorstaendin\/#primaryimage\",\"url\":\"https:\/\/ddz.de\/wp-content\/uploads\/01-Fidelak_Reif_Bildnachweis-DDZ.jpg\",\"contentUrl\":\"https:\/\/ddz.de\/wp-content\/uploads\/01-Fidelak_Reif_Bildnachweis-DDZ.jpg\",\"width\":2000,\"height\":1334,\"caption\":\"Andreas Fidelak und Susanne U. Reif auf der offiziellen Verabschiedungsfeier von Andreas Fidelak am 27. November 2025.\"},{\"@type\":\"BreadcrumbList\",\"@id\":\"https:\/\/ddz.de\/en\/das-ddz-begruesst-susanne-u-reif-als-neue-kaufmaennische-vorstaendin\/#breadcrumb\",\"itemListElement\":[{\"@type\":\"ListItem\",\"position\":1,\"name\":\"Startseite\",\"item\":\"https:\/\/ddz.de\/en\/\"},{\"@type\":\"ListItem\",\"position\":2,\"name\":\"Das DDZ begr\u00fc\u00dft Susanne U. Reif als neue kaufm\u00e4nnische Vorst\u00e4ndin\"}]},{\"@type\":\"WebSite\",\"@id\":\"https:\/\/ddz.de\/en\/#website\",\"url\":\"https:\/\/ddz.de\/en\/\",\"name\":\"Deutsches Diabetes-Zentrum (DDZ)\",\"description\":\"Diabetes erforschen - Menschen helfen\",\"publisher\":{\"@id\":\"https:\/\/ddz.de\/en\/#organization\"},\"potentialAction\":[{\"@type\":\"SearchAction\",\"target\":{\"@type\":\"EntryPoint\",\"urlTemplate\":\"https:\/\/ddz.de\/en\/?s={search_term_string}\"},\"query-input\":{\"@type\":\"PropertyValueSpecification\",\"valueRequired\":true,\"valueName\":\"search_term_string\"}}],\"inLanguage\":\"en-US\"},{\"@type\":\"Organization\",\"@id\":\"https:\/\/ddz.de\/en\/#organization\",\"name\":\"Deutsches Diabetes-Zentrum (DDZ)\",\"url\":\"https:\/\/ddz.de\/en\/\",\"logo\":{\"@type\":\"ImageObject\",\"inLanguage\":\"en-US\",\"@id\":\"https:\/\/ddz.de\/en\/#\/schema\/logo\/image\/\",\"url\":\"https:\/\/ddz.de\/wp-content\/uploads\/ddz_logo_de.png\",\"contentUrl\":\"https:\/\/ddz.de\/wp-content\/uploads\/ddz_logo_de.png\",\"width\":640,\"height\":226,\"caption\":\"Deutsches Diabetes-Zentrum (DDZ)\"},\"image\":{\"@id\":\"https:\/\/ddz.de\/en\/#\/schema\/logo\/image\/\"},\"sameAs\":[\"https:\/\/www.facebook.com\/diabetesinformationsdienst\/\",\"https:\/\/x.com\/ddz_info\",\"https:\/\/www.youtube.com\/channel\/UCNxwshEljrBJXPri-w9IiLg\"]},{\"@type\":\"Person\",\"@id\":\"https:\/\/ddz.de\/en\/#\/schema\/person\/2c7dd3092a188f613114cc349501b2c7\",\"name\":\"Susan J\u00f6rges\",\"image\":{\"@type\":\"ImageObject\",\"inLanguage\":\"en-US\",\"@id\":\"https:\/\/secure.gravatar.com\/avatar\/214be17eb4c5d5fc7e8f068827d3e1b7d73004f7995b0db9712b7cb4fbcddf38?s=96&d=mm&r=g\",\"url\":\"https:\/\/secure.gravatar.com\/avatar\/214be17eb4c5d5fc7e8f068827d3e1b7d73004f7995b0db9712b7cb4fbcddf38?s=96&d=mm&r=g\",\"contentUrl\":\"https:\/\/secure.gravatar.com\/avatar\/214be17eb4c5d5fc7e8f068827d3e1b7d73004f7995b0db9712b7cb4fbcddf38?s=96&d=mm&r=g\",\"caption\":\"Susan J\u00f6rges\"}}]}<\/script>\n<!-- \/ Yoast SEO plugin. -->","yoast_head_json":{"title":"Das DDZ begr\u00fc\u00dft Susanne U. Reif als neue kaufm\u00e4nnische Vorst\u00e4ndin - Deutsches Diabetes-Zentrum (DDZ)","robots":{"index":"index","follow":"follow","max-snippet":"max-snippet:-1","max-image-preview":"max-image-preview:large","max-video-preview":"max-video-preview:-1"},"canonical":"https:\/\/ddz.de\/en\/das-ddz-begruesst-susanne-u-reif-als-neue-kaufmaennische-vorstaendin\/","og_locale":"en_US","og_type":"article","og_title":"Das DDZ begr\u00fc\u00dft Susanne U. Reif als neue kaufm\u00e4nnische Vorst\u00e4ndin - Deutsches Diabetes-Zentrum (DDZ)","og_description":"Das Deutsche Diabetes-Zentrum (DDZ) stellt sich in der kaufm\u00e4nnischen Leitung neu auf: Zum 1. Oktober 2025 hat Susanne U. Reif die kaufm\u00e4nnische Gesch\u00e4ftsf\u00fchrung \u00fcbernommen. Sie folgt auf Andreas Fidelak, der [&hellip;]","og_url":"https:\/\/ddz.de\/en\/das-ddz-begruesst-susanne-u-reif-als-neue-kaufmaennische-vorstaendin\/","og_site_name":"Deutsches Diabetes-Zentrum (DDZ)","article_publisher":"https:\/\/www.facebook.com\/diabetesinformationsdienst\/","article_published_time":"2025-11-28T07:28:13+00:00","article_modified_time":"2025-11-28T07:28:14+00:00","og_image":[{"width":2000,"height":1334,"url":"https:\/\/ddz.de\/wp-content\/uploads\/01-Fidelak_Reif_Bildnachweis-DDZ.jpg","type":"image\/jpeg"}],"author":"Susan J\u00f6rges","twitter_card":"summary_large_image","twitter_creator":"@ddz_info","twitter_site":"@ddz_info","twitter_misc":{"Written by":"Susan J\u00f6rges","Est. reading time":"3 minutes"},"schema":{"@context":"https:\/\/schema.org","@graph":[{"@type":"Article","@id":"https:\/\/ddz.de\/en\/das-ddz-begruesst-susanne-u-reif-als-neue-kaufmaennische-vorstaendin\/#article","isPartOf":{"@id":"https:\/\/ddz.de\/en\/das-ddz-begruesst-susanne-u-reif-als-neue-kaufmaennische-vorstaendin\/"},"author":{"name":"Susan J\u00f6rges","@id":"https:\/\/ddz.de\/en\/#\/schema\/person\/2c7dd3092a188f613114cc349501b2c7"},"headline":"Das DDZ begr\u00fc\u00dft Susanne U. Reif als neue kaufm\u00e4nnische Vorst\u00e4ndin","datePublished":"2025-11-28T07:28:13+00:00","dateModified":"2025-11-28T07:28:14+00:00","mainEntityOfPage":{"@id":"https:\/\/ddz.de\/en\/das-ddz-begruesst-susanne-u-reif-als-neue-kaufmaennische-vorstaendin\/"},"wordCount":381,"publisher":{"@id":"https:\/\/ddz.de\/en\/#organization"},"image":{"@id":"https:\/\/ddz.de\/en\/das-ddz-begruesst-susanne-u-reif-als-neue-kaufmaennische-vorstaendin\/#primaryimage"},"thumbnailUrl":"https:\/\/ddz.de\/wp-content\/uploads\/01-Fidelak_Reif_Bildnachweis-DDZ.jpg","articleSection":["Pressemitteilungen","Unkategorisiert"],"inLanguage":"en-US"},{"@type":"WebPage","@id":"https:\/\/ddz.de\/en\/das-ddz-begruesst-susanne-u-reif-als-neue-kaufmaennische-vorstaendin\/","url":"https:\/\/ddz.de\/en\/das-ddz-begruesst-susanne-u-reif-als-neue-kaufmaennische-vorstaendin\/","name":"Das DDZ begr\u00fc\u00dft Susanne U. Reif als neue kaufm\u00e4nnische Vorst\u00e4ndin - Deutsches Diabetes-Zentrum (DDZ)","isPartOf":{"@id":"https:\/\/ddz.de\/en\/#website"},"primaryImageOfPage":{"@id":"https:\/\/ddz.de\/en\/das-ddz-begruesst-susanne-u-reif-als-neue-kaufmaennische-vorstaendin\/#primaryimage"},"image":{"@id":"https:\/\/ddz.de\/en\/das-ddz-begruesst-susanne-u-reif-als-neue-kaufmaennische-vorstaendin\/#primaryimage"},"thumbnailUrl":"https:\/\/ddz.de\/wp-content\/uploads\/01-Fidelak_Reif_Bildnachweis-DDZ.jpg","datePublished":"2025-11-28T07:28:13+00:00","dateModified":"2025-11-28T07:28:14+00:00","breadcrumb":{"@id":"https:\/\/ddz.de\/en\/das-ddz-begruesst-susanne-u-reif-als-neue-kaufmaennische-vorstaendin\/#breadcrumb"},"inLanguage":"en-US","potentialAction":[{"@type":"ReadAction","target":["https:\/\/ddz.de\/en\/das-ddz-begruesst-susanne-u-reif-als-neue-kaufmaennische-vorstaendin\/"]}]},{"@type":"ImageObject","inLanguage":"en-US","@id":"https:\/\/ddz.de\/en\/das-ddz-begruesst-susanne-u-reif-als-neue-kaufmaennische-vorstaendin\/#primaryimage","url":"https:\/\/ddz.de\/wp-content\/uploads\/01-Fidelak_Reif_Bildnachweis-DDZ.jpg","contentUrl":"https:\/\/ddz.de\/wp-content\/uploads\/01-Fidelak_Reif_Bildnachweis-DDZ.jpg","width":2000,"height":1334,"caption":"Andreas Fidelak und Susanne U. Reif auf der offiziellen Verabschiedungsfeier von Andreas Fidelak am 27. November 2025."},{"@type":"BreadcrumbList","@id":"https:\/\/ddz.de\/en\/das-ddz-begruesst-susanne-u-reif-als-neue-kaufmaennische-vorstaendin\/#breadcrumb","itemListElement":[{"@type":"ListItem","position":1,"name":"Startseite","item":"https:\/\/ddz.de\/en\/"},{"@type":"ListItem","position":2,"name":"Das DDZ begr\u00fc\u00dft Susanne U. Reif als neue kaufm\u00e4nnische Vorst\u00e4ndin"}]},{"@type":"WebSite","@id":"https:\/\/ddz.de\/en\/#website","url":"https:\/\/ddz.de\/en\/","name":"Deutsches Diabetes-Zentrum (DDZ)","description":"Diabetes erforschen - Menschen helfen","publisher":{"@id":"https:\/\/ddz.de\/en\/#organization"},"potentialAction":[{"@type":"SearchAction","target":{"@type":"EntryPoint","urlTemplate":"https:\/\/ddz.de\/en\/?s={search_term_string}"},"query-input":{"@type":"PropertyValueSpecification","valueRequired":true,"valueName":"search_term_string"}}],"inLanguage":"en-US"},{"@type":"Organization","@id":"https:\/\/ddz.de\/en\/#organization","name":"Deutsches Diabetes-Zentrum (DDZ)","url":"https:\/\/ddz.de\/en\/","logo":{"@type":"ImageObject","inLanguage":"en-US","@id":"https:\/\/ddz.de\/en\/#\/schema\/logo\/image\/","url":"https:\/\/ddz.de\/wp-content\/uploads\/ddz_logo_de.png","contentUrl":"https:\/\/ddz.de\/wp-content\/uploads\/ddz_logo_de.png","width":640,"height":226,"caption":"Deutsches Diabetes-Zentrum (DDZ)"},"image":{"@id":"https:\/\/ddz.de\/en\/#\/schema\/logo\/image\/"},"sameAs":["https:\/\/www.facebook.com\/diabetesinformationsdienst\/","https:\/\/x.com\/ddz_info","https:\/\/www.youtube.com\/channel\/UCNxwshEljrBJXPri-w9IiLg"]},{"@type":"Person","@id":"https:\/\/ddz.de\/en\/#\/schema\/person\/2c7dd3092a188f613114cc349501b2c7","name":"Susan J\u00f6rges","image":{"@type":"ImageObject","inLanguage":"en-US","@id":"https:\/\/secure.gravatar.com\/avatar\/214be17eb4c5d5fc7e8f068827d3e1b7d73004f7995b0db9712b7cb4fbcddf38?s=96&d=mm&r=g","url":"https:\/\/secure.gravatar.com\/avatar\/214be17eb4c5d5fc7e8f068827d3e1b7d73004f7995b0db9712b7cb4fbcddf38?s=96&d=mm&r=g","contentUrl":"https:\/\/secure.gravatar.com\/avatar\/214be17eb4c5d5fc7e8f068827d3e1b7d73004f7995b0db9712b7cb4fbcddf38?s=96&d=mm&r=g","caption":"Susan J\u00f6rges"}}]}},"_links":{"self":[{"href":"https:\/\/ddz.de\/en\/wp-json\/wp\/v2\/posts\/25546","targetHints":{"allow":["GET"]}}],"collection":[{"href":"https:\/\/ddz.de\/en\/wp-json\/wp\/v2\/posts"}],"about":[{"href":"https:\/\/ddz.de\/en\/wp-json\/wp\/v2\/types\/post"}],"author":[{"embeddable":true,"href":"https:\/\/ddz.de\/en\/wp-json\/wp\/v2\/users\/10"}],"replies":[{"embeddable":true,"href":"https:\/\/ddz.de\/en\/wp-json\/wp\/v2\/comments?post=25546"}],"version-history":[{"count":1,"href":"https:\/\/ddz.de\/en\/wp-json\/wp\/v2\/posts\/25546\/revisions"}],"predecessor-version":[{"id":25547,"href":"https:\/\/ddz.de\/en\/wp-json\/wp\/v2\/posts\/25546\/revisions\/25547"}],"wp:featuredmedia":[{"embeddable":true,"href":"https:\/\/ddz.de\/en\/wp-json\/wp\/v2\/media\/25551"}],"wp:attachment":[{"href":"https:\/\/ddz.de\/en\/wp-json\/wp\/v2\/media?parent=25546"}],"wp:term":[{"taxonomy":"category","embeddable":true,"href":"https:\/\/ddz.de\/en\/wp-json\/wp\/v2\/categories?post=25546"},{"taxonomy":"post_tag","embeddable":true,"href":"https:\/\/ddz.de\/en\/wp-json\/wp\/v2\/tags?post=25546"}],"curies":[{"name":"wp","href":"https:\/\/api.w.org\/{rel}","templated":true}]}}