{"id":24837,"date":"2025-04-25T11:05:36","date_gmt":"2025-04-25T09:05:36","guid":{"rendered":"https:\/\/ddz.de\/?p=24837"},"modified":"2025-04-25T11:05:37","modified_gmt":"2025-04-25T09:05:37","slug":"risikogruppen-fuer-typ-2-diabetes-auch-im-hoeheren-alter-identifizierbar","status":"publish","type":"post","link":"https:\/\/ddz.de\/en\/risikogruppen-fuer-typ-2-diabetes-auch-im-hoeheren-alter-identifizierbar\/","title":{"rendered":"Risikogruppen f\u00fcr Typ-2-Diabetes auch im h\u00f6heren Alter identifizierbar"},"content":{"rendered":"\n<p><strong>Eine aktuelle Studie belegt, dass sich bei Personen ohne Diabetes sechs Risikogruppen f\u00fcr kardiometabolische Komplikationen, die zuvor bei mittleren Altersgruppen identifiziert wurden, auch bei \u00e4lteren Menschen nachweisen lassen. Die Forschenden des Deutschen Diabetes-Zentrums (DDZ) zeigten in Kooperation mit Helmholtz Munich zudem, dass es eine besondere Risikogruppe gibt, die sich durch die Kombination von hoher inflammatorischer Last, einem Ma\u00df f\u00fcr unterschwellige Entz\u00fcndungsprozesse, und hohem Risiko f\u00fcr Typ-2-Diabetes und Folgeerkrankungen auszeichnet.<\/strong><\/p>\n\n\n\n<p>Im Rahmen der prospektiven Bev\u00f6lkerungsstudie KORA F4\/FF4 (Kooperative Gesundheitsforschung in der Region Augsburg) wurden 843 Personen im Alter von 61 bis 82 Jahren ohne Typ-2-Diabetes sechs Risikogruppen, sogenannten Clustern, zugeordnet. Die Cluster wurden initial von Prof. Dr. Robert Wagner, Leiter des Klinischen Studienzentrums des Instituts f\u00fcr Klinische Diabetologie und stellvertretender Direktor der Klinik f\u00fcr Endokrinologie und Diabetologie am Universit\u00e4tsklinikum D\u00fcsseldorf (UKD), und Mitarbeitenden beschrieben und unterscheiden sich hinsichtlich des Risikos f\u00fcr die Entstehung von Typ-2-Diabetes sowie f\u00fcr (pr\u00e4-)diabetesbedingte Folgeerkrankungen wie chronische Nierenerkrankungen, Nervensch\u00e4den und Herz-Kreislauf-Erkrankungen.<\/p>\n\n\n\n<p><strong>Risiko f\u00fcr Typ-2-Diabetes und Folgeerkrankungen variiert je nach Cluster<\/strong><\/p>\n\n\n\n<p>Cluster 2 (\u201esehr niedriges Risiko\u201c) wies das geringste Risiko f\u00fcr Herz-Kreislauf-Erkrankungen und die niedrigsten Entz\u00fcndungswerte auf, w\u00e4hrend Cluster 5 (\u201ehohes Risiko mit insulinresistenter Fettleber\u201c) sowohl die h\u00f6chsten Entz\u00fcndungswerte als auch eine hohe Krankheitslast zeigte. Die H\u00e4ufigkeit der Neuerkrankungen (Inzidenz) f\u00fcr Typ-2-Diabetes war in den Clustern 3, 4, 5 und 6 signifikant erh\u00f6ht im Vergleich zu Cluster 2.<\/p>\n\n\n\n<p>Basierend auf 73 Entz\u00fcndungsmarkern wurde ein Entz\u00fcndungsindex, die sogenannte inflammatorische Last, abgeleitet. Diese Last war insbesondere in Cluster 5 deutlich erh\u00f6ht, was auf umfassende Entz\u00fcndungsprozesse als m\u00f6glichen Treiber von Stoffwechselentgleisungen hindeutet.<\/p>\n\n\n\n<p>\u201eDie Ergebnisse verdeutlichen die Bedeutung einer fr\u00fchzeitigen Differenzierung von Risikogruppen \u2013 auch im h\u00f6heren Alter.\u201c, betont Prof. Dr. Christian Herder, stellvertretender Direktor und Leiter der Arbeitsgruppe Inflammation des Instituts f\u00fcr Klinische Diabetologie am DDZ. Prof. Dr. Michael Roden, Wissenschaftlicher Gesch\u00e4ftsf\u00fchrer und Sprecher des Vorstands des DDZ und Direktor der Klinik f\u00fcr Endokrinologie und Diabetologie am UKD, erl\u00e4utert: \u201eDiese Studie unterstreicht die individuellen Unterschiede im Risiko f\u00fcr Diabetes und diabetesbezogene Krankheiten und weist so den Weg zu einer pr\u00e4ziseren Fr\u00fcherkennung und Vorsorge auch im h\u00f6heren Alter.\u201c<\/p>\n\n\n\n<p><strong>Quelle<\/strong>:<\/p>\n\n\n\n<p>Huemer MT, Spagnuolo MC, Maalmi H, Wagner R, B\u00f6nhof GJ, Heier M, Koenig W, Rathmann W, Prystupa K, Nano J, Ziegler D, Peters A, Roden M, Thorand B, Herder C. 2025. Phenotype-based clusters, inflammation and cardiometabolic complications in older people before the diagnosis of type 2 diabetes: KORA F4\/FF4 cohort study. Cardiovasc Diabetol. 24(1):83.<br><a href=\"https:\/\/doi.org\/10.1186\/s12933-025-02617-8\" target=\"_blank\" rel=\"noreferrer noopener\">https:\/\/doi.org\/10.1186\/s12933-025-02617-8<\/a><\/p>\n\n\n\n<div style=\"height:30px\" aria-hidden=\"true\" class=\"wp-block-spacer\"><\/div>\n\n\n\n<p><strong>\u00dcber das DDZ:<\/strong><\/p>\n\n\n\n<p>Das Deutsche Diabetes-Zentrum (DDZ) versteht sich als deutsches Referenzzentrum zum Krankheitsbild Diabetes. Ziel ist es, einen Beitrag zur Verbesserung von Pr\u00e4vention, Fr\u00fcherkennung, Diagnostik und Therapie des Diabetes mellitus zu leisten. Gleichzeitig soll die epidemiologische Datenlage in Deutschland verbessert werden. Federf\u00fchrend leitet das DDZ die multizentrisch aufgebaute Deutsche Diabetes-Studie. Es ist Ansprechpartner f\u00fcr alle Akteure im Gesundheitswesen, bereitet wissenschaftliche Informationen zum Diabetes mellitus auf und stellt sie der \u00d6ffentlichkeit zur Verf\u00fcgung. Das DDZ geh\u00f6rt der \u201eWissenschaftsgemeinschaft Gottfried Wilhelm Leibniz\u201c (WGL) an und ist Partner im Deutschen Zentrum f\u00fcr Diabetesforschung (DZD e.V.).<\/p>\n","protected":false},"excerpt":{"rendered":"<p>Eine aktuelle Studie belegt, dass sich bei Personen ohne Diabetes sechs Risikogruppen f\u00fcr kardiometabolische Komplikationen, die zuvor bei mittleren Altersgruppen identifiziert wurden, auch bei \u00e4lteren Menschen nachweisen lassen. Die Forschenden [&hellip;]<\/p>\n","protected":false},"author":5,"featured_media":24840,"comment_status":"closed","ping_status":"closed","sticky":false,"template":"","format":"standard","meta":{"_acf_changed":false,"_FSMCFIC_featured_image_caption":"","_FSMCFIC_featured_image_nocaption":"","_FSMCFIC_featured_image_hide":"","footnotes":""},"categories":[38],"tags":[226,59,58,45,50],"class_list":["post-24837","post","type-post","status-publish","format-standard","has-post-thumbnail","hentry","category-pressemitteilungen","tag-forschung","tag-news","tag-pressemitteilungen","tag-studien","tag-typ-2-diabetes"],"acf":{"attachments":false},"yoast_head":"<!-- This site is optimized with the Yoast SEO plugin v27.2 - https:\/\/yoast.com\/product\/yoast-seo-wordpress\/ -->\n<title>Risikogruppen f\u00fcr Typ-2-Diabetes auch im h\u00f6heren Alter identifizierbar - Deutsches Diabetes-Zentrum (DDZ)<\/title>\n<meta name=\"description\" content=\"Eine aktuelle Studie belegt, dass sich bei Personen ohne Diabetes sechs Risikogruppen f\u00fcr kardiometabolische Komplikationen, die zuvor bei mittleren Altersgruppen identifiziert wurden, auch bei \u00e4lteren Menschen nachweisen lassen.\" \/>\n<meta name=\"robots\" content=\"index, follow, max-snippet:-1, max-image-preview:large, max-video-preview:-1\" \/>\n<link rel=\"canonical\" href=\"https:\/\/ddz.de\/en\/risikogruppen-fuer-typ-2-diabetes-auch-im-hoeheren-alter-identifizierbar\/\" \/>\n<meta property=\"og:locale\" content=\"en_US\" \/>\n<meta property=\"og:type\" content=\"article\" \/>\n<meta property=\"og:title\" content=\"Risikogruppen f\u00fcr Typ-2-Diabetes auch im h\u00f6heren Alter identifizierbar - Deutsches Diabetes-Zentrum (DDZ)\" \/>\n<meta property=\"og:description\" content=\"Eine aktuelle Studie belegt, dass sich bei Personen ohne Diabetes sechs Risikogruppen f\u00fcr kardiometabolische Komplikationen, die zuvor bei mittleren Altersgruppen identifiziert wurden, auch bei \u00e4lteren Menschen nachweisen lassen.\" \/>\n<meta property=\"og:url\" content=\"https:\/\/ddz.de\/en\/risikogruppen-fuer-typ-2-diabetes-auch-im-hoeheren-alter-identifizierbar\/\" \/>\n<meta property=\"og:site_name\" content=\"Deutsches Diabetes-Zentrum (DDZ)\" \/>\n<meta property=\"article:publisher\" content=\"https:\/\/www.facebook.com\/diabetesinformationsdienst\/\" \/>\n<meta property=\"article:published_time\" content=\"2025-04-25T09:05:36+00:00\" \/>\n<meta property=\"article:modified_time\" content=\"2025-04-25T09:05:37+00:00\" \/>\n<meta property=\"og:image\" content=\"https:\/\/ddz.de\/wp-content\/uploads\/AdobeStock_1014836151_web.jpg\" \/>\n\t<meta property=\"og:image:width\" content=\"1000\" \/>\n\t<meta property=\"og:image:height\" content=\"560\" \/>\n\t<meta property=\"og:image:type\" content=\"image\/jpeg\" \/>\n<meta name=\"author\" content=\"Laura\" \/>\n<meta name=\"twitter:card\" content=\"summary_large_image\" \/>\n<meta name=\"twitter:creator\" content=\"@ddz_info\" \/>\n<meta name=\"twitter:site\" content=\"@ddz_info\" \/>\n<meta name=\"twitter:label1\" content=\"Written by\" \/>\n\t<meta name=\"twitter:data1\" content=\"Laura\" \/>\n\t<meta name=\"twitter:label2\" content=\"Est. reading time\" \/>\n\t<meta name=\"twitter:data2\" content=\"3 minutes\" \/>\n<script type=\"application\/ld+json\" class=\"yoast-schema-graph\">{\"@context\":\"https:\/\/schema.org\",\"@graph\":[{\"@type\":\"Article\",\"@id\":\"https:\/\/ddz.de\/en\/risikogruppen-fuer-typ-2-diabetes-auch-im-hoeheren-alter-identifizierbar\/#article\",\"isPartOf\":{\"@id\":\"https:\/\/ddz.de\/en\/risikogruppen-fuer-typ-2-diabetes-auch-im-hoeheren-alter-identifizierbar\/\"},\"author\":{\"name\":\"Laura\",\"@id\":\"https:\/\/ddz.de\/en\/#\/schema\/person\/ccb99230dcdb9254fcf4b6863fece2d8\"},\"headline\":\"Risikogruppen f\u00fcr Typ-2-Diabetes auch im h\u00f6heren Alter identifizierbar\",\"datePublished\":\"2025-04-25T09:05:36+00:00\",\"dateModified\":\"2025-04-25T09:05:37+00:00\",\"mainEntityOfPage\":{\"@id\":\"https:\/\/ddz.de\/en\/risikogruppen-fuer-typ-2-diabetes-auch-im-hoeheren-alter-identifizierbar\/\"},\"wordCount\":541,\"publisher\":{\"@id\":\"https:\/\/ddz.de\/en\/#organization\"},\"image\":{\"@id\":\"https:\/\/ddz.de\/en\/risikogruppen-fuer-typ-2-diabetes-auch-im-hoeheren-alter-identifizierbar\/#primaryimage\"},\"thumbnailUrl\":\"https:\/\/ddz.de\/wp-content\/uploads\/AdobeStock_1014836151_web.jpg\",\"keywords\":[\"Forschung\",\"News\",\"Pressemitteilungen\",\"Studien\",\"Typ-2-Diabetes\"],\"articleSection\":[\"Pressemitteilungen\"],\"inLanguage\":\"en-US\"},{\"@type\":\"WebPage\",\"@id\":\"https:\/\/ddz.de\/en\/risikogruppen-fuer-typ-2-diabetes-auch-im-hoeheren-alter-identifizierbar\/\",\"url\":\"https:\/\/ddz.de\/en\/risikogruppen-fuer-typ-2-diabetes-auch-im-hoeheren-alter-identifizierbar\/\",\"name\":\"Risikogruppen f\u00fcr Typ-2-Diabetes auch im h\u00f6heren Alter identifizierbar - Deutsches Diabetes-Zentrum (DDZ)\",\"isPartOf\":{\"@id\":\"https:\/\/ddz.de\/en\/#website\"},\"primaryImageOfPage\":{\"@id\":\"https:\/\/ddz.de\/en\/risikogruppen-fuer-typ-2-diabetes-auch-im-hoeheren-alter-identifizierbar\/#primaryimage\"},\"image\":{\"@id\":\"https:\/\/ddz.de\/en\/risikogruppen-fuer-typ-2-diabetes-auch-im-hoeheren-alter-identifizierbar\/#primaryimage\"},\"thumbnailUrl\":\"https:\/\/ddz.de\/wp-content\/uploads\/AdobeStock_1014836151_web.jpg\",\"datePublished\":\"2025-04-25T09:05:36+00:00\",\"dateModified\":\"2025-04-25T09:05:37+00:00\",\"description\":\"Eine aktuelle Studie belegt, dass sich bei Personen ohne Diabetes sechs Risikogruppen f\u00fcr kardiometabolische Komplikationen, die zuvor bei mittleren Altersgruppen identifiziert wurden, auch bei \u00e4lteren Menschen nachweisen lassen.\",\"breadcrumb\":{\"@id\":\"https:\/\/ddz.de\/en\/risikogruppen-fuer-typ-2-diabetes-auch-im-hoeheren-alter-identifizierbar\/#breadcrumb\"},\"inLanguage\":\"en-US\",\"potentialAction\":[{\"@type\":\"ReadAction\",\"target\":[\"https:\/\/ddz.de\/en\/risikogruppen-fuer-typ-2-diabetes-auch-im-hoeheren-alter-identifizierbar\/\"]}]},{\"@type\":\"ImageObject\",\"inLanguage\":\"en-US\",\"@id\":\"https:\/\/ddz.de\/en\/risikogruppen-fuer-typ-2-diabetes-auch-im-hoeheren-alter-identifizierbar\/#primaryimage\",\"url\":\"https:\/\/ddz.de\/wp-content\/uploads\/AdobeStock_1014836151_web.jpg\",\"contentUrl\":\"https:\/\/ddz.de\/wp-content\/uploads\/AdobeStock_1014836151_web.jpg\",\"width\":1000,\"height\":560,\"caption\":\"\u00a9 Prasanth \/ Adobe Stock\"},{\"@type\":\"BreadcrumbList\",\"@id\":\"https:\/\/ddz.de\/en\/risikogruppen-fuer-typ-2-diabetes-auch-im-hoeheren-alter-identifizierbar\/#breadcrumb\",\"itemListElement\":[{\"@type\":\"ListItem\",\"position\":1,\"name\":\"Startseite\",\"item\":\"https:\/\/ddz.de\/en\/\"},{\"@type\":\"ListItem\",\"position\":2,\"name\":\"Risikogruppen f\u00fcr Typ-2-Diabetes auch im h\u00f6heren Alter identifizierbar\"}]},{\"@type\":\"WebSite\",\"@id\":\"https:\/\/ddz.de\/en\/#website\",\"url\":\"https:\/\/ddz.de\/en\/\",\"name\":\"Deutsches Diabetes-Zentrum (DDZ)\",\"description\":\"Diabetes erforschen - Menschen helfen\",\"publisher\":{\"@id\":\"https:\/\/ddz.de\/en\/#organization\"},\"potentialAction\":[{\"@type\":\"SearchAction\",\"target\":{\"@type\":\"EntryPoint\",\"urlTemplate\":\"https:\/\/ddz.de\/en\/?s={search_term_string}\"},\"query-input\":{\"@type\":\"PropertyValueSpecification\",\"valueRequired\":true,\"valueName\":\"search_term_string\"}}],\"inLanguage\":\"en-US\"},{\"@type\":\"Organization\",\"@id\":\"https:\/\/ddz.de\/en\/#organization\",\"name\":\"Deutsches Diabetes-Zentrum (DDZ)\",\"url\":\"https:\/\/ddz.de\/en\/\",\"logo\":{\"@type\":\"ImageObject\",\"inLanguage\":\"en-US\",\"@id\":\"https:\/\/ddz.de\/en\/#\/schema\/logo\/image\/\",\"url\":\"https:\/\/ddz.de\/wp-content\/uploads\/ddz_logo_de.png\",\"contentUrl\":\"https:\/\/ddz.de\/wp-content\/uploads\/ddz_logo_de.png\",\"width\":640,\"height\":226,\"caption\":\"Deutsches Diabetes-Zentrum (DDZ)\"},\"image\":{\"@id\":\"https:\/\/ddz.de\/en\/#\/schema\/logo\/image\/\"},\"sameAs\":[\"https:\/\/www.facebook.com\/diabetesinformationsdienst\/\",\"https:\/\/x.com\/ddz_info\",\"https:\/\/www.youtube.com\/channel\/UCNxwshEljrBJXPri-w9IiLg\"]},{\"@type\":\"Person\",\"@id\":\"https:\/\/ddz.de\/en\/#\/schema\/person\/ccb99230dcdb9254fcf4b6863fece2d8\",\"name\":\"Laura\",\"image\":{\"@type\":\"ImageObject\",\"inLanguage\":\"en-US\",\"@id\":\"https:\/\/secure.gravatar.com\/avatar\/26bdb2675e6cefd49caea545aa51bacafea136c3d55678e5e6da6c1133bda76f?s=96&d=mm&r=g\",\"url\":\"https:\/\/secure.gravatar.com\/avatar\/26bdb2675e6cefd49caea545aa51bacafea136c3d55678e5e6da6c1133bda76f?s=96&d=mm&r=g\",\"contentUrl\":\"https:\/\/secure.gravatar.com\/avatar\/26bdb2675e6cefd49caea545aa51bacafea136c3d55678e5e6da6c1133bda76f?s=96&d=mm&r=g\",\"caption\":\"Laura\"}}]}<\/script>\n<!-- \/ Yoast SEO plugin. -->","yoast_head_json":{"title":"Risikogruppen f\u00fcr Typ-2-Diabetes auch im h\u00f6heren Alter identifizierbar - Deutsches Diabetes-Zentrum (DDZ)","description":"Eine aktuelle Studie belegt, dass sich bei Personen ohne Diabetes sechs Risikogruppen f\u00fcr kardiometabolische Komplikationen, die zuvor bei mittleren Altersgruppen identifiziert wurden, auch bei \u00e4lteren Menschen nachweisen lassen.","robots":{"index":"index","follow":"follow","max-snippet":"max-snippet:-1","max-image-preview":"max-image-preview:large","max-video-preview":"max-video-preview:-1"},"canonical":"https:\/\/ddz.de\/en\/risikogruppen-fuer-typ-2-diabetes-auch-im-hoeheren-alter-identifizierbar\/","og_locale":"en_US","og_type":"article","og_title":"Risikogruppen f\u00fcr Typ-2-Diabetes auch im h\u00f6heren Alter identifizierbar - Deutsches Diabetes-Zentrum (DDZ)","og_description":"Eine aktuelle Studie belegt, dass sich bei Personen ohne Diabetes sechs Risikogruppen f\u00fcr kardiometabolische Komplikationen, die zuvor bei mittleren Altersgruppen identifiziert wurden, auch bei \u00e4lteren Menschen nachweisen lassen.","og_url":"https:\/\/ddz.de\/en\/risikogruppen-fuer-typ-2-diabetes-auch-im-hoeheren-alter-identifizierbar\/","og_site_name":"Deutsches Diabetes-Zentrum (DDZ)","article_publisher":"https:\/\/www.facebook.com\/diabetesinformationsdienst\/","article_published_time":"2025-04-25T09:05:36+00:00","article_modified_time":"2025-04-25T09:05:37+00:00","og_image":[{"width":1000,"height":560,"url":"https:\/\/ddz.de\/wp-content\/uploads\/AdobeStock_1014836151_web.jpg","type":"image\/jpeg"}],"author":"Laura","twitter_card":"summary_large_image","twitter_creator":"@ddz_info","twitter_site":"@ddz_info","twitter_misc":{"Written by":"Laura","Est. reading time":"3 minutes"},"schema":{"@context":"https:\/\/schema.org","@graph":[{"@type":"Article","@id":"https:\/\/ddz.de\/en\/risikogruppen-fuer-typ-2-diabetes-auch-im-hoeheren-alter-identifizierbar\/#article","isPartOf":{"@id":"https:\/\/ddz.de\/en\/risikogruppen-fuer-typ-2-diabetes-auch-im-hoeheren-alter-identifizierbar\/"},"author":{"name":"Laura","@id":"https:\/\/ddz.de\/en\/#\/schema\/person\/ccb99230dcdb9254fcf4b6863fece2d8"},"headline":"Risikogruppen f\u00fcr Typ-2-Diabetes auch im h\u00f6heren Alter identifizierbar","datePublished":"2025-04-25T09:05:36+00:00","dateModified":"2025-04-25T09:05:37+00:00","mainEntityOfPage":{"@id":"https:\/\/ddz.de\/en\/risikogruppen-fuer-typ-2-diabetes-auch-im-hoeheren-alter-identifizierbar\/"},"wordCount":541,"publisher":{"@id":"https:\/\/ddz.de\/en\/#organization"},"image":{"@id":"https:\/\/ddz.de\/en\/risikogruppen-fuer-typ-2-diabetes-auch-im-hoeheren-alter-identifizierbar\/#primaryimage"},"thumbnailUrl":"https:\/\/ddz.de\/wp-content\/uploads\/AdobeStock_1014836151_web.jpg","keywords":["Forschung","News","Pressemitteilungen","Studien","Typ-2-Diabetes"],"articleSection":["Pressemitteilungen"],"inLanguage":"en-US"},{"@type":"WebPage","@id":"https:\/\/ddz.de\/en\/risikogruppen-fuer-typ-2-diabetes-auch-im-hoeheren-alter-identifizierbar\/","url":"https:\/\/ddz.de\/en\/risikogruppen-fuer-typ-2-diabetes-auch-im-hoeheren-alter-identifizierbar\/","name":"Risikogruppen f\u00fcr Typ-2-Diabetes auch im h\u00f6heren Alter identifizierbar - Deutsches Diabetes-Zentrum (DDZ)","isPartOf":{"@id":"https:\/\/ddz.de\/en\/#website"},"primaryImageOfPage":{"@id":"https:\/\/ddz.de\/en\/risikogruppen-fuer-typ-2-diabetes-auch-im-hoeheren-alter-identifizierbar\/#primaryimage"},"image":{"@id":"https:\/\/ddz.de\/en\/risikogruppen-fuer-typ-2-diabetes-auch-im-hoeheren-alter-identifizierbar\/#primaryimage"},"thumbnailUrl":"https:\/\/ddz.de\/wp-content\/uploads\/AdobeStock_1014836151_web.jpg","datePublished":"2025-04-25T09:05:36+00:00","dateModified":"2025-04-25T09:05:37+00:00","description":"Eine aktuelle Studie belegt, dass sich bei Personen ohne Diabetes sechs Risikogruppen f\u00fcr kardiometabolische Komplikationen, die zuvor bei mittleren Altersgruppen identifiziert wurden, auch bei \u00e4lteren Menschen nachweisen lassen.","breadcrumb":{"@id":"https:\/\/ddz.de\/en\/risikogruppen-fuer-typ-2-diabetes-auch-im-hoeheren-alter-identifizierbar\/#breadcrumb"},"inLanguage":"en-US","potentialAction":[{"@type":"ReadAction","target":["https:\/\/ddz.de\/en\/risikogruppen-fuer-typ-2-diabetes-auch-im-hoeheren-alter-identifizierbar\/"]}]},{"@type":"ImageObject","inLanguage":"en-US","@id":"https:\/\/ddz.de\/en\/risikogruppen-fuer-typ-2-diabetes-auch-im-hoeheren-alter-identifizierbar\/#primaryimage","url":"https:\/\/ddz.de\/wp-content\/uploads\/AdobeStock_1014836151_web.jpg","contentUrl":"https:\/\/ddz.de\/wp-content\/uploads\/AdobeStock_1014836151_web.jpg","width":1000,"height":560,"caption":"\u00a9 Prasanth \/ Adobe Stock"},{"@type":"BreadcrumbList","@id":"https:\/\/ddz.de\/en\/risikogruppen-fuer-typ-2-diabetes-auch-im-hoeheren-alter-identifizierbar\/#breadcrumb","itemListElement":[{"@type":"ListItem","position":1,"name":"Startseite","item":"https:\/\/ddz.de\/en\/"},{"@type":"ListItem","position":2,"name":"Risikogruppen f\u00fcr Typ-2-Diabetes auch im h\u00f6heren Alter identifizierbar"}]},{"@type":"WebSite","@id":"https:\/\/ddz.de\/en\/#website","url":"https:\/\/ddz.de\/en\/","name":"Deutsches Diabetes-Zentrum (DDZ)","description":"Diabetes erforschen - Menschen helfen","publisher":{"@id":"https:\/\/ddz.de\/en\/#organization"},"potentialAction":[{"@type":"SearchAction","target":{"@type":"EntryPoint","urlTemplate":"https:\/\/ddz.de\/en\/?s={search_term_string}"},"query-input":{"@type":"PropertyValueSpecification","valueRequired":true,"valueName":"search_term_string"}}],"inLanguage":"en-US"},{"@type":"Organization","@id":"https:\/\/ddz.de\/en\/#organization","name":"Deutsches Diabetes-Zentrum (DDZ)","url":"https:\/\/ddz.de\/en\/","logo":{"@type":"ImageObject","inLanguage":"en-US","@id":"https:\/\/ddz.de\/en\/#\/schema\/logo\/image\/","url":"https:\/\/ddz.de\/wp-content\/uploads\/ddz_logo_de.png","contentUrl":"https:\/\/ddz.de\/wp-content\/uploads\/ddz_logo_de.png","width":640,"height":226,"caption":"Deutsches Diabetes-Zentrum (DDZ)"},"image":{"@id":"https:\/\/ddz.de\/en\/#\/schema\/logo\/image\/"},"sameAs":["https:\/\/www.facebook.com\/diabetesinformationsdienst\/","https:\/\/x.com\/ddz_info","https:\/\/www.youtube.com\/channel\/UCNxwshEljrBJXPri-w9IiLg"]},{"@type":"Person","@id":"https:\/\/ddz.de\/en\/#\/schema\/person\/ccb99230dcdb9254fcf4b6863fece2d8","name":"Laura","image":{"@type":"ImageObject","inLanguage":"en-US","@id":"https:\/\/secure.gravatar.com\/avatar\/26bdb2675e6cefd49caea545aa51bacafea136c3d55678e5e6da6c1133bda76f?s=96&d=mm&r=g","url":"https:\/\/secure.gravatar.com\/avatar\/26bdb2675e6cefd49caea545aa51bacafea136c3d55678e5e6da6c1133bda76f?s=96&d=mm&r=g","contentUrl":"https:\/\/secure.gravatar.com\/avatar\/26bdb2675e6cefd49caea545aa51bacafea136c3d55678e5e6da6c1133bda76f?s=96&d=mm&r=g","caption":"Laura"}}]}},"_links":{"self":[{"href":"https:\/\/ddz.de\/en\/wp-json\/wp\/v2\/posts\/24837","targetHints":{"allow":["GET"]}}],"collection":[{"href":"https:\/\/ddz.de\/en\/wp-json\/wp\/v2\/posts"}],"about":[{"href":"https:\/\/ddz.de\/en\/wp-json\/wp\/v2\/types\/post"}],"author":[{"embeddable":true,"href":"https:\/\/ddz.de\/en\/wp-json\/wp\/v2\/users\/5"}],"replies":[{"embeddable":true,"href":"https:\/\/ddz.de\/en\/wp-json\/wp\/v2\/comments?post=24837"}],"version-history":[{"count":2,"href":"https:\/\/ddz.de\/en\/wp-json\/wp\/v2\/posts\/24837\/revisions"}],"predecessor-version":[{"id":24839,"href":"https:\/\/ddz.de\/en\/wp-json\/wp\/v2\/posts\/24837\/revisions\/24839"}],"wp:featuredmedia":[{"embeddable":true,"href":"https:\/\/ddz.de\/en\/wp-json\/wp\/v2\/media\/24840"}],"wp:attachment":[{"href":"https:\/\/ddz.de\/en\/wp-json\/wp\/v2\/media?parent=24837"}],"wp:term":[{"taxonomy":"category","embeddable":true,"href":"https:\/\/ddz.de\/en\/wp-json\/wp\/v2\/categories?post=24837"},{"taxonomy":"post_tag","embeddable":true,"href":"https:\/\/ddz.de\/en\/wp-json\/wp\/v2\/tags?post=24837"}],"curies":[{"name":"wp","href":"https:\/\/api.w.org\/{rel}","templated":true}]}}