{"id":22417,"date":"2022-11-09T16:16:46","date_gmt":"2022-11-09T15:16:46","guid":{"rendered":"https:\/\/ddz.de\/?p=22417"},"modified":"2022-11-09T16:16:47","modified_gmt":"2022-11-09T15:16:47","slug":"diabetes-selbsthilfe-truck-macht-halt-in-duesseldorf","status":"publish","type":"post","link":"https:\/\/ddz.de\/en\/diabetes-selbsthilfe-truck-macht-halt-in-duesseldorf\/","title":{"rendered":"Diabetes Selbsthilfe-Truck macht Halt in D\u00fcsseldorf"},"content":{"rendered":"\n<p><strong>Anl\u00e4sslich des internationalen Weltdiabetestags am 14. November laden das Deutsche Diabetes-Zentrum (DDZ) und der Landesverband NRW der Deutschen Diabetes-Hilfe \u2013 Menschen mit Diabetes (DDH-M) die interessierte \u00d6ffentlichkeit am Samstag, 12. November, von 13:00 bis 17:00 Uhr auf den Johannes-Rau-Platz in D\u00fcsseldorf zu einem \u201eTag der Bewegung\u201c ein.<\/strong><\/p>\n\n\n\n<p>Eine sportliche Reise mit praktischen Informationen zu unterschiedlichen Sportarten und der M\u00f6glichkeit, selbst aktiv zu werden, erwartet die Besucherinnen und Besucher. Vor Ort unterst\u00fctzt wird die Aktion von den gro\u00dfen D\u00fcsseldorfer Sportvereinen Borussia D\u00fcsseldorf und Fortuna D\u00fcsseldorf sowie dem SFD\u00b475. Auch Vertreter von Stadt und Land diskutieren im Politik Talk gemeinsam mit dem Deutschen Diabetes-Zentrum.<\/p>\n\n\n\n<p>Im Info-Bus der Gesundheitsinitiative \u201eHerzenssache Lebenszeit\u201c stehen Experten f\u00fcr alle Fragen rund um das Thema Diabetes und Herz-Kreislauf-Erkrankungen zur Verf\u00fcgung und bieten Testb\u00f6gen, Blutdruck- und Blutzuckermessungen f\u00fcr Interessierte an.<\/p>\n\n\n\n<p><strong>PROGRAMM<\/strong><\/p>\n\n\n\n<p><strong>13:00 Uhr &nbsp;&nbsp;&nbsp;&nbsp;&nbsp; Begr\u00fc\u00dfung<\/strong><br><em>Moderator Norbert Kuster, Gesch\u00e4ftsf\u00fchrer und 1. Vorsitzender<strong> <\/strong>Deutsche Diabetes-Hilfe \u2013 Menschen mit Diabetes, Landesverband Nordrhein-Westfalen e. V.<\/em><\/p>\n\n\n\n<p><strong>13:10 Uhr &nbsp;&nbsp;&nbsp;&nbsp;&nbsp; Radrennfahren bei Diabetes<br><\/strong><em>Interview mit Oliver Behringer, Profi-Radrennfahrer f\u00fcr das Team Novo Nordisk von 2017 bis 2021 und an Typ-1-Diabetes erkrankt<\/em><\/p>\n\n\n\n<p><strong>13:25 Uhr &nbsp;&nbsp;&nbsp;&nbsp;&nbsp; Vorstellung des Programms 10.000 Schritte D\u00fcsseldorf und P-Sup<\/strong>, dem Personalisierten Selbstmanagement Unterst\u00fctzungsprogramms f\u00fcr Menschen mit Typ-2-Diabetes<br><em>Alexander Lang, DDZ; Dr. Marcus Redaelli<\/em><\/p>\n\n\n\n<p><strong>13:45 Uhr &nbsp;&nbsp;&nbsp;&nbsp;&nbsp; Tischtennis f\u00fcr alle \u2013 Erfahren Sie mehr \u00fcber Borussia D\u00fcsseldorf<\/strong>, eine der erfolgreichsten Vereinsmannschaften in Deutschland und spielen Sie eine Runde Tischtennis.<br><em>Jo P\u00f6rsch, Gesch\u00e4ftsf\u00fchrer Borussia D\u00fcsseldorf<\/em><\/p>\n\n\n\n<p><strong>14:30 Uhr &nbsp;&nbsp;&nbsp;&nbsp;&nbsp; Politik Talk mit Vertretern der Stadt D\u00fcsseldorf, des Landtages NRW und des Deutschen Diabetes-Zentrums<\/strong><\/p>\n\n\n\n<p><strong>15:05 Uhr<\/strong>&nbsp;&nbsp;&nbsp;&nbsp;&nbsp;&nbsp; <strong>Fortuna D\u00fcsseldorf<\/strong> z\u00e4hlt zu den erfolgreichen Mannschaften der Bundesliga. Lernen Sie die lokalen Projekte von Fortuna D\u00fcsseldorf kennen.<br><em>Paul J\u00e4ger, Direktor CSR; Claudia Beckers, CSR, Mitglieder, Projekte bei Fortuna D\u00fcsseldorf<\/em><\/p>\n\n\n\n<p><strong>15:35 Uhr&nbsp;&nbsp;&nbsp;&nbsp;&nbsp;&nbsp; Gesundheitstalk zu Diabetes-Folgeerkrankungen und zum Thema Engagement in der Selbsthilfe<\/strong><\/p>\n\n\n\n<p><strong>16:20 Uhr &nbsp;&nbsp;&nbsp;&nbsp;&nbsp; Bewegen mit D\u00fcsseldorfs gr\u00f6\u00dftem Verein f\u00fcr Sport und Freizeit SFD&#8217;75<\/strong> mit Sportprogrammen f\u00fcr die ganze Familie und alle Altersgruppen<br><em>Dr. Michael G\u00f6rlach, Gesch\u00e4ftsf\u00fchrer des SFD\u00b475<\/em><\/p>\n\n\n\n<p><strong>16:50 Uhr<\/strong>&nbsp;&nbsp;&nbsp;&nbsp;&nbsp;&nbsp; <strong>Zusammenfassung und Verabschiedung<\/strong><\/p>\n\n\n\n<p><\/p>\n\n\n\n<p><strong>\u00dcber den Weltdiabetestag:<\/strong><br>Der Weltdiabetestag wurde 1991 von der International Diabetes Federation (IDF) und der Weltgesundheitsorganisation (WHO) als weltweiter Aktionstag eingef\u00fchrt, um j\u00e4hrlich am 14. November auf die steigende Verbreitung des Diabetes mellitus aufmerksam zu machen. Als Tag wurde der Geburtstag von Sir Frederick Banting gew\u00e4hlt, der gemeinsam mit Charles Best 1921 das lebenswichtige Insulin entdeckte.<\/p>\n\n\n\n<p><strong>\u00dcber das DDZ:<\/strong><br>Das Deutsche Diabetes-Zentrum (DDZ) versteht sich als deutsches Referenzzentrum zum Krankheitsbild Diabetes. Ziel ist es, einen Beitrag zur Verbesserung von Pr\u00e4vention, Fr\u00fcherkennung, Diagnostik und Therapie des Diabetes mellitus zu leisten. Gleichzeitig soll die epidemiologische Datenlage in Deutschland verbessert werden. Federf\u00fchrend leitet das DDZ die multizentrisch aufgebaute Deutsche Diabetes-Studie. Es ist Ansprechpartner f\u00fcr alle Akteure im Gesundheitswesen, bereitet wissenschaftliche Informationen zum Diabetes mellitus auf und stellt sie der \u00d6ffentlichkeit zur Verf\u00fcgung. Das DDZ geh\u00f6rt der \u201eWissenschaftsgemeinschaft Gottfried Wilhelm Leibniz\u201c (WGL) an und ist Partner im Deutschen Zentrum f\u00fcr Diabetesforschung (DZD e. V.).<\/p>\n\n\n\n<p><strong>\u00dcber die Deutsche Diabetes-Hilfe:<\/strong><br>Der Landesverband NRW e. V. in der Deutschen Diabetes-Hilfe \u2013 Menschen mit Diabetes vertritt die Interessen der Menschen mit Diabetes im Land Nordrhein-Westfalen auf Landesebene bei Beh\u00f6rden und den Selbstverwaltungsorganen des Gesundheitswesens. Als Selbsthilfeorganisation und Interessenvertretung engagiert sich der Verband politisch f\u00fcr die Rechte und Bed\u00fcrfnisse der Betroffenen.<\/p>\n","protected":false},"excerpt":{"rendered":"<p>Anl\u00e4sslich des internationalen Weltdiabetestags am 14. November laden das Deutsche Diabetes-Zentrum (DDZ) und der Landesverband NRW der Deutschen Diabetes-Hilfe \u2013 Menschen mit Diabetes (DDH-M) die interessierte \u00d6ffentlichkeit am Samstag, 12. [&hellip;]<\/p>\n","protected":false},"author":10,"featured_media":22422,"comment_status":"closed","ping_status":"closed","sticky":false,"template":"","format":"standard","meta":{"_acf_changed":false,"_FSMCFIC_featured_image_caption":"","_FSMCFIC_featured_image_nocaption":"","_FSMCFIC_featured_image_hide":"","footnotes":""},"categories":[38],"tags":[],"class_list":["post-22417","post","type-post","status-publish","format-standard","has-post-thumbnail","hentry","category-pressemitteilungen"],"acf":{"attachments":[{"datei":false}]},"yoast_head":"<!-- This site is optimized with the Yoast SEO plugin v27.2 - https:\/\/yoast.com\/product\/yoast-seo-wordpress\/ -->\n<title>Diabetes Selbsthilfe-Truck macht Halt in D\u00fcsseldorf - Deutsches Diabetes-Zentrum (DDZ)<\/title>\n<meta name=\"description\" content=\"Anl\u00e4sslich des internationalen Weltdiabetestags am 14. November laden das Deutsche Diabetes-Zentrum (DDZ) und der Landesverband NRW der Deutschen Diabetes-Hilfe \u2013 Menschen mit Diabetes (DDH-M) die interessierte \u00d6ffentlichkeit am Samstag, 12. November, von 13:00 bis 17:00 Uhr auf den Johannes-Rau-Platz in D\u00fcsseldorf zu einem \u201eTag der Bewegung\u201c ein.\" \/>\n<meta name=\"robots\" content=\"index, follow, max-snippet:-1, max-image-preview:large, max-video-preview:-1\" \/>\n<link rel=\"canonical\" href=\"https:\/\/ddz.de\/en\/diabetes-selbsthilfe-truck-macht-halt-in-duesseldorf\/\" \/>\n<meta property=\"og:locale\" content=\"en_US\" \/>\n<meta property=\"og:type\" content=\"article\" \/>\n<meta property=\"og:title\" content=\"Diabetes Selbsthilfe-Truck macht Halt in D\u00fcsseldorf - Deutsches Diabetes-Zentrum (DDZ)\" \/>\n<meta property=\"og:description\" content=\"Anl\u00e4sslich des internationalen Weltdiabetestags am 14. November laden das Deutsche Diabetes-Zentrum (DDZ) und der Landesverband NRW der Deutschen Diabetes-Hilfe \u2013 Menschen mit Diabetes (DDH-M) die interessierte \u00d6ffentlichkeit am Samstag, 12. November, von 13:00 bis 17:00 Uhr auf den Johannes-Rau-Platz in D\u00fcsseldorf zu einem \u201eTag der Bewegung\u201c ein.\" \/>\n<meta property=\"og:url\" content=\"https:\/\/ddz.de\/en\/diabetes-selbsthilfe-truck-macht-halt-in-duesseldorf\/\" \/>\n<meta property=\"og:site_name\" content=\"Deutsches Diabetes-Zentrum (DDZ)\" \/>\n<meta property=\"article:publisher\" content=\"https:\/\/www.facebook.com\/diabetesinformationsdienst\/\" \/>\n<meta property=\"article:published_time\" content=\"2022-11-09T15:16:46+00:00\" \/>\n<meta property=\"article:modified_time\" content=\"2022-11-09T15:16:47+00:00\" \/>\n<meta property=\"og:image\" content=\"https:\/\/ddz.de\/wp-content\/uploads\/Ankuendigung.png\" \/>\n\t<meta property=\"og:image:width\" content=\"681\" \/>\n\t<meta property=\"og:image:height\" content=\"495\" \/>\n\t<meta property=\"og:image:type\" content=\"image\/png\" \/>\n<meta name=\"author\" content=\"Susan J\u00f6rges\" \/>\n<meta name=\"twitter:card\" content=\"summary_large_image\" \/>\n<meta name=\"twitter:creator\" content=\"@ddz_info\" \/>\n<meta name=\"twitter:site\" content=\"@ddz_info\" \/>\n<meta name=\"twitter:label1\" content=\"Written by\" \/>\n\t<meta name=\"twitter:data1\" content=\"Susan J\u00f6rges\" \/>\n\t<meta name=\"twitter:label2\" content=\"Est. reading time\" \/>\n\t<meta name=\"twitter:data2\" content=\"3 minutes\" \/>\n<script type=\"application\/ld+json\" class=\"yoast-schema-graph\">{\"@context\":\"https:\/\/schema.org\",\"@graph\":[{\"@type\":\"Article\",\"@id\":\"https:\/\/ddz.de\/en\/diabetes-selbsthilfe-truck-macht-halt-in-duesseldorf\/#article\",\"isPartOf\":{\"@id\":\"https:\/\/ddz.de\/en\/diabetes-selbsthilfe-truck-macht-halt-in-duesseldorf\/\"},\"author\":{\"name\":\"Susan J\u00f6rges\",\"@id\":\"https:\/\/ddz.de\/en\/#\/schema\/person\/2c7dd3092a188f613114cc349501b2c7\"},\"headline\":\"Diabetes Selbsthilfe-Truck macht Halt in D\u00fcsseldorf\",\"datePublished\":\"2022-11-09T15:16:46+00:00\",\"dateModified\":\"2022-11-09T15:16:47+00:00\",\"mainEntityOfPage\":{\"@id\":\"https:\/\/ddz.de\/en\/diabetes-selbsthilfe-truck-macht-halt-in-duesseldorf\/\"},\"wordCount\":606,\"publisher\":{\"@id\":\"https:\/\/ddz.de\/en\/#organization\"},\"image\":{\"@id\":\"https:\/\/ddz.de\/en\/diabetes-selbsthilfe-truck-macht-halt-in-duesseldorf\/#primaryimage\"},\"thumbnailUrl\":\"https:\/\/ddz.de\/wp-content\/uploads\/Ankuendigung.png\",\"articleSection\":[\"Pressemitteilungen\"],\"inLanguage\":\"en-US\"},{\"@type\":\"WebPage\",\"@id\":\"https:\/\/ddz.de\/en\/diabetes-selbsthilfe-truck-macht-halt-in-duesseldorf\/\",\"url\":\"https:\/\/ddz.de\/en\/diabetes-selbsthilfe-truck-macht-halt-in-duesseldorf\/\",\"name\":\"Diabetes Selbsthilfe-Truck macht Halt in D\u00fcsseldorf - Deutsches Diabetes-Zentrum (DDZ)\",\"isPartOf\":{\"@id\":\"https:\/\/ddz.de\/en\/#website\"},\"primaryImageOfPage\":{\"@id\":\"https:\/\/ddz.de\/en\/diabetes-selbsthilfe-truck-macht-halt-in-duesseldorf\/#primaryimage\"},\"image\":{\"@id\":\"https:\/\/ddz.de\/en\/diabetes-selbsthilfe-truck-macht-halt-in-duesseldorf\/#primaryimage\"},\"thumbnailUrl\":\"https:\/\/ddz.de\/wp-content\/uploads\/Ankuendigung.png\",\"datePublished\":\"2022-11-09T15:16:46+00:00\",\"dateModified\":\"2022-11-09T15:16:47+00:00\",\"description\":\"Anl\u00e4sslich des internationalen Weltdiabetestags am 14. November laden das Deutsche Diabetes-Zentrum (DDZ) und der Landesverband NRW der Deutschen Diabetes-Hilfe \u2013 Menschen mit Diabetes (DDH-M) die interessierte \u00d6ffentlichkeit am Samstag, 12. November, von 13:00 bis 17:00 Uhr auf den Johannes-Rau-Platz in D\u00fcsseldorf zu einem \u201eTag der Bewegung\u201c ein.\",\"breadcrumb\":{\"@id\":\"https:\/\/ddz.de\/en\/diabetes-selbsthilfe-truck-macht-halt-in-duesseldorf\/#breadcrumb\"},\"inLanguage\":\"en-US\",\"potentialAction\":[{\"@type\":\"ReadAction\",\"target\":[\"https:\/\/ddz.de\/en\/diabetes-selbsthilfe-truck-macht-halt-in-duesseldorf\/\"]}]},{\"@type\":\"ImageObject\",\"inLanguage\":\"en-US\",\"@id\":\"https:\/\/ddz.de\/en\/diabetes-selbsthilfe-truck-macht-halt-in-duesseldorf\/#primaryimage\",\"url\":\"https:\/\/ddz.de\/wp-content\/uploads\/Ankuendigung.png\",\"contentUrl\":\"https:\/\/ddz.de\/wp-content\/uploads\/Ankuendigung.png\",\"width\":681,\"height\":495,\"caption\":\"Plakat zur Ank\u00fcndigung des Diabetes Selbsthilfe-Trucks am Johannes-Rau-Platz in D\u00fcsseldorf.\"},{\"@type\":\"BreadcrumbList\",\"@id\":\"https:\/\/ddz.de\/en\/diabetes-selbsthilfe-truck-macht-halt-in-duesseldorf\/#breadcrumb\",\"itemListElement\":[{\"@type\":\"ListItem\",\"position\":1,\"name\":\"Startseite\",\"item\":\"https:\/\/ddz.de\/en\/\"},{\"@type\":\"ListItem\",\"position\":2,\"name\":\"Diabetes Selbsthilfe-Truck macht Halt in D\u00fcsseldorf\"}]},{\"@type\":\"WebSite\",\"@id\":\"https:\/\/ddz.de\/en\/#website\",\"url\":\"https:\/\/ddz.de\/en\/\",\"name\":\"Deutsches Diabetes-Zentrum (DDZ)\",\"description\":\"Diabetes erforschen - Menschen helfen\",\"publisher\":{\"@id\":\"https:\/\/ddz.de\/en\/#organization\"},\"potentialAction\":[{\"@type\":\"SearchAction\",\"target\":{\"@type\":\"EntryPoint\",\"urlTemplate\":\"https:\/\/ddz.de\/en\/?s={search_term_string}\"},\"query-input\":{\"@type\":\"PropertyValueSpecification\",\"valueRequired\":true,\"valueName\":\"search_term_string\"}}],\"inLanguage\":\"en-US\"},{\"@type\":\"Organization\",\"@id\":\"https:\/\/ddz.de\/en\/#organization\",\"name\":\"Deutsches Diabetes-Zentrum (DDZ)\",\"url\":\"https:\/\/ddz.de\/en\/\",\"logo\":{\"@type\":\"ImageObject\",\"inLanguage\":\"en-US\",\"@id\":\"https:\/\/ddz.de\/en\/#\/schema\/logo\/image\/\",\"url\":\"https:\/\/ddz.de\/wp-content\/uploads\/ddz_logo_de.png\",\"contentUrl\":\"https:\/\/ddz.de\/wp-content\/uploads\/ddz_logo_de.png\",\"width\":640,\"height\":226,\"caption\":\"Deutsches Diabetes-Zentrum (DDZ)\"},\"image\":{\"@id\":\"https:\/\/ddz.de\/en\/#\/schema\/logo\/image\/\"},\"sameAs\":[\"https:\/\/www.facebook.com\/diabetesinformationsdienst\/\",\"https:\/\/x.com\/ddz_info\",\"https:\/\/www.youtube.com\/channel\/UCNxwshEljrBJXPri-w9IiLg\"]},{\"@type\":\"Person\",\"@id\":\"https:\/\/ddz.de\/en\/#\/schema\/person\/2c7dd3092a188f613114cc349501b2c7\",\"name\":\"Susan J\u00f6rges\",\"image\":{\"@type\":\"ImageObject\",\"inLanguage\":\"en-US\",\"@id\":\"https:\/\/secure.gravatar.com\/avatar\/214be17eb4c5d5fc7e8f068827d3e1b7d73004f7995b0db9712b7cb4fbcddf38?s=96&d=mm&r=g\",\"url\":\"https:\/\/secure.gravatar.com\/avatar\/214be17eb4c5d5fc7e8f068827d3e1b7d73004f7995b0db9712b7cb4fbcddf38?s=96&d=mm&r=g\",\"contentUrl\":\"https:\/\/secure.gravatar.com\/avatar\/214be17eb4c5d5fc7e8f068827d3e1b7d73004f7995b0db9712b7cb4fbcddf38?s=96&d=mm&r=g\",\"caption\":\"Susan J\u00f6rges\"}}]}<\/script>\n<!-- \/ Yoast SEO plugin. -->","yoast_head_json":{"title":"Diabetes Selbsthilfe-Truck macht Halt in D\u00fcsseldorf - Deutsches Diabetes-Zentrum (DDZ)","description":"Anl\u00e4sslich des internationalen Weltdiabetestags am 14. November laden das Deutsche Diabetes-Zentrum (DDZ) und der Landesverband NRW der Deutschen Diabetes-Hilfe \u2013 Menschen mit Diabetes (DDH-M) die interessierte \u00d6ffentlichkeit am Samstag, 12. November, von 13:00 bis 17:00 Uhr auf den Johannes-Rau-Platz in D\u00fcsseldorf zu einem \u201eTag der Bewegung\u201c ein.","robots":{"index":"index","follow":"follow","max-snippet":"max-snippet:-1","max-image-preview":"max-image-preview:large","max-video-preview":"max-video-preview:-1"},"canonical":"https:\/\/ddz.de\/en\/diabetes-selbsthilfe-truck-macht-halt-in-duesseldorf\/","og_locale":"en_US","og_type":"article","og_title":"Diabetes Selbsthilfe-Truck macht Halt in D\u00fcsseldorf - Deutsches Diabetes-Zentrum (DDZ)","og_description":"Anl\u00e4sslich des internationalen Weltdiabetestags am 14. November laden das Deutsche Diabetes-Zentrum (DDZ) und der Landesverband NRW der Deutschen Diabetes-Hilfe \u2013 Menschen mit Diabetes (DDH-M) die interessierte \u00d6ffentlichkeit am Samstag, 12. November, von 13:00 bis 17:00 Uhr auf den Johannes-Rau-Platz in D\u00fcsseldorf zu einem \u201eTag der Bewegung\u201c ein.","og_url":"https:\/\/ddz.de\/en\/diabetes-selbsthilfe-truck-macht-halt-in-duesseldorf\/","og_site_name":"Deutsches Diabetes-Zentrum (DDZ)","article_publisher":"https:\/\/www.facebook.com\/diabetesinformationsdienst\/","article_published_time":"2022-11-09T15:16:46+00:00","article_modified_time":"2022-11-09T15:16:47+00:00","og_image":[{"width":681,"height":495,"url":"https:\/\/ddz.de\/wp-content\/uploads\/Ankuendigung.png","type":"image\/png"}],"author":"Susan J\u00f6rges","twitter_card":"summary_large_image","twitter_creator":"@ddz_info","twitter_site":"@ddz_info","twitter_misc":{"Written by":"Susan J\u00f6rges","Est. reading time":"3 minutes"},"schema":{"@context":"https:\/\/schema.org","@graph":[{"@type":"Article","@id":"https:\/\/ddz.de\/en\/diabetes-selbsthilfe-truck-macht-halt-in-duesseldorf\/#article","isPartOf":{"@id":"https:\/\/ddz.de\/en\/diabetes-selbsthilfe-truck-macht-halt-in-duesseldorf\/"},"author":{"name":"Susan J\u00f6rges","@id":"https:\/\/ddz.de\/en\/#\/schema\/person\/2c7dd3092a188f613114cc349501b2c7"},"headline":"Diabetes Selbsthilfe-Truck macht Halt in D\u00fcsseldorf","datePublished":"2022-11-09T15:16:46+00:00","dateModified":"2022-11-09T15:16:47+00:00","mainEntityOfPage":{"@id":"https:\/\/ddz.de\/en\/diabetes-selbsthilfe-truck-macht-halt-in-duesseldorf\/"},"wordCount":606,"publisher":{"@id":"https:\/\/ddz.de\/en\/#organization"},"image":{"@id":"https:\/\/ddz.de\/en\/diabetes-selbsthilfe-truck-macht-halt-in-duesseldorf\/#primaryimage"},"thumbnailUrl":"https:\/\/ddz.de\/wp-content\/uploads\/Ankuendigung.png","articleSection":["Pressemitteilungen"],"inLanguage":"en-US"},{"@type":"WebPage","@id":"https:\/\/ddz.de\/en\/diabetes-selbsthilfe-truck-macht-halt-in-duesseldorf\/","url":"https:\/\/ddz.de\/en\/diabetes-selbsthilfe-truck-macht-halt-in-duesseldorf\/","name":"Diabetes Selbsthilfe-Truck macht Halt in D\u00fcsseldorf - Deutsches Diabetes-Zentrum (DDZ)","isPartOf":{"@id":"https:\/\/ddz.de\/en\/#website"},"primaryImageOfPage":{"@id":"https:\/\/ddz.de\/en\/diabetes-selbsthilfe-truck-macht-halt-in-duesseldorf\/#primaryimage"},"image":{"@id":"https:\/\/ddz.de\/en\/diabetes-selbsthilfe-truck-macht-halt-in-duesseldorf\/#primaryimage"},"thumbnailUrl":"https:\/\/ddz.de\/wp-content\/uploads\/Ankuendigung.png","datePublished":"2022-11-09T15:16:46+00:00","dateModified":"2022-11-09T15:16:47+00:00","description":"Anl\u00e4sslich des internationalen Weltdiabetestags am 14. November laden das Deutsche Diabetes-Zentrum (DDZ) und der Landesverband NRW der Deutschen Diabetes-Hilfe \u2013 Menschen mit Diabetes (DDH-M) die interessierte \u00d6ffentlichkeit am Samstag, 12. November, von 13:00 bis 17:00 Uhr auf den Johannes-Rau-Platz in D\u00fcsseldorf zu einem \u201eTag der Bewegung\u201c ein.","breadcrumb":{"@id":"https:\/\/ddz.de\/en\/diabetes-selbsthilfe-truck-macht-halt-in-duesseldorf\/#breadcrumb"},"inLanguage":"en-US","potentialAction":[{"@type":"ReadAction","target":["https:\/\/ddz.de\/en\/diabetes-selbsthilfe-truck-macht-halt-in-duesseldorf\/"]}]},{"@type":"ImageObject","inLanguage":"en-US","@id":"https:\/\/ddz.de\/en\/diabetes-selbsthilfe-truck-macht-halt-in-duesseldorf\/#primaryimage","url":"https:\/\/ddz.de\/wp-content\/uploads\/Ankuendigung.png","contentUrl":"https:\/\/ddz.de\/wp-content\/uploads\/Ankuendigung.png","width":681,"height":495,"caption":"Plakat zur Ank\u00fcndigung des Diabetes Selbsthilfe-Trucks am Johannes-Rau-Platz in D\u00fcsseldorf."},{"@type":"BreadcrumbList","@id":"https:\/\/ddz.de\/en\/diabetes-selbsthilfe-truck-macht-halt-in-duesseldorf\/#breadcrumb","itemListElement":[{"@type":"ListItem","position":1,"name":"Startseite","item":"https:\/\/ddz.de\/en\/"},{"@type":"ListItem","position":2,"name":"Diabetes Selbsthilfe-Truck macht Halt in D\u00fcsseldorf"}]},{"@type":"WebSite","@id":"https:\/\/ddz.de\/en\/#website","url":"https:\/\/ddz.de\/en\/","name":"Deutsches Diabetes-Zentrum (DDZ)","description":"Diabetes erforschen - Menschen helfen","publisher":{"@id":"https:\/\/ddz.de\/en\/#organization"},"potentialAction":[{"@type":"SearchAction","target":{"@type":"EntryPoint","urlTemplate":"https:\/\/ddz.de\/en\/?s={search_term_string}"},"query-input":{"@type":"PropertyValueSpecification","valueRequired":true,"valueName":"search_term_string"}}],"inLanguage":"en-US"},{"@type":"Organization","@id":"https:\/\/ddz.de\/en\/#organization","name":"Deutsches Diabetes-Zentrum (DDZ)","url":"https:\/\/ddz.de\/en\/","logo":{"@type":"ImageObject","inLanguage":"en-US","@id":"https:\/\/ddz.de\/en\/#\/schema\/logo\/image\/","url":"https:\/\/ddz.de\/wp-content\/uploads\/ddz_logo_de.png","contentUrl":"https:\/\/ddz.de\/wp-content\/uploads\/ddz_logo_de.png","width":640,"height":226,"caption":"Deutsches Diabetes-Zentrum (DDZ)"},"image":{"@id":"https:\/\/ddz.de\/en\/#\/schema\/logo\/image\/"},"sameAs":["https:\/\/www.facebook.com\/diabetesinformationsdienst\/","https:\/\/x.com\/ddz_info","https:\/\/www.youtube.com\/channel\/UCNxwshEljrBJXPri-w9IiLg"]},{"@type":"Person","@id":"https:\/\/ddz.de\/en\/#\/schema\/person\/2c7dd3092a188f613114cc349501b2c7","name":"Susan J\u00f6rges","image":{"@type":"ImageObject","inLanguage":"en-US","@id":"https:\/\/secure.gravatar.com\/avatar\/214be17eb4c5d5fc7e8f068827d3e1b7d73004f7995b0db9712b7cb4fbcddf38?s=96&d=mm&r=g","url":"https:\/\/secure.gravatar.com\/avatar\/214be17eb4c5d5fc7e8f068827d3e1b7d73004f7995b0db9712b7cb4fbcddf38?s=96&d=mm&r=g","contentUrl":"https:\/\/secure.gravatar.com\/avatar\/214be17eb4c5d5fc7e8f068827d3e1b7d73004f7995b0db9712b7cb4fbcddf38?s=96&d=mm&r=g","caption":"Susan J\u00f6rges"}}]}},"_links":{"self":[{"href":"https:\/\/ddz.de\/en\/wp-json\/wp\/v2\/posts\/22417","targetHints":{"allow":["GET"]}}],"collection":[{"href":"https:\/\/ddz.de\/en\/wp-json\/wp\/v2\/posts"}],"about":[{"href":"https:\/\/ddz.de\/en\/wp-json\/wp\/v2\/types\/post"}],"author":[{"embeddable":true,"href":"https:\/\/ddz.de\/en\/wp-json\/wp\/v2\/users\/10"}],"replies":[{"embeddable":true,"href":"https:\/\/ddz.de\/en\/wp-json\/wp\/v2\/comments?post=22417"}],"version-history":[{"count":3,"href":"https:\/\/ddz.de\/en\/wp-json\/wp\/v2\/posts\/22417\/revisions"}],"predecessor-version":[{"id":22424,"href":"https:\/\/ddz.de\/en\/wp-json\/wp\/v2\/posts\/22417\/revisions\/22424"}],"wp:featuredmedia":[{"embeddable":true,"href":"https:\/\/ddz.de\/en\/wp-json\/wp\/v2\/media\/22422"}],"wp:attachment":[{"href":"https:\/\/ddz.de\/en\/wp-json\/wp\/v2\/media?parent=22417"}],"wp:term":[{"taxonomy":"category","embeddable":true,"href":"https:\/\/ddz.de\/en\/wp-json\/wp\/v2\/categories?post=22417"},{"taxonomy":"post_tag","embeddable":true,"href":"https:\/\/ddz.de\/en\/wp-json\/wp\/v2\/tags?post=22417"}],"curies":[{"name":"wp","href":"https:\/\/api.w.org\/{rel}","templated":true}]}}