{"id":22322,"date":"2022-08-25T12:36:14","date_gmt":"2022-08-25T10:36:14","guid":{"rendered":"https:\/\/ddz.de\/?p=22322"},"modified":"2022-09-15T08:50:47","modified_gmt":"2022-09-15T06:50:47","slug":"aktiv-werden-und-umfassend-informieren-beim-20-duesseldorfer-diabetes-tag","status":"publish","type":"post","link":"https:\/\/ddz.de\/en\/aktiv-werden-und-umfassend-informieren-beim-20-duesseldorfer-diabetes-tag\/","title":{"rendered":"Aktiv werden und umfassend informieren beim 20. D\u00fcsseldorfer Diabetes-Tag"},"content":{"rendered":"\n<p><strong>Nichts ersetzt den pers\u00f6nlichen Austausch! Nach zwei digitalen Events findet am 03. September 2022 der 20. D\u00fcsseldorfer Diabetes-Tag wieder als Pr\u00e4senz-Veranstaltung in der Handwerkskammer D\u00fcsseldorf statt. Die Besucherinnen und Besucher erwartet ein abwechslungsreiches Programm mit breit gef\u00e4cherten Vortr\u00e4gen, einer umfangreichen Industrieausstellung sowie der M\u00f6glichkeit an zahlreichen kostenlosen Mitmach-Aktionen aktiv teilzunehmen.<\/strong><\/p>\n\n\n\n<p><strong>D\u00fcsseldorf (DDZ)<\/strong> \u2013 Von 10:00 bis 16:00 Uhr informieren \u00c4rztinnen und \u00c4rzte, Wissenschaftlerinnen und Wissenschaftler sowie weitere Diabetes-Expertinnen und -Experten in insgesamt 24 Vortr\u00e4gen u.a. \u00fcber Neuigkeiten aus der Forschung, dem Bereich der Insulinpumpentherapie und CGM-\/FGM-Systeme und den mit Diabetes verbundenen Begleit- und Folgeerkrankungen. Auch die Themen Closed-Loop und Entwicklungen in der automatischen Insulindosierung werden diskutiert. \u201eAufgrund des wissenschaftlichen und technologischen Fortschritts sind wir zunehmend in der Lage vielschichtige Daten besser einzuordnen, um daraus eine ma\u00dfgeschneiderte Versorgung und Therapien f\u00fcr Menschen mit Diabetes und die verschiedenen Subtypen zu erm\u00f6glichen\u201d, erkl\u00e4rt Prof. Dr. Michael Roden, Wissenschaftlicher Gesch\u00e4ftsf\u00fchrer und Sprecher des Vorstands des Deutschen Diabetes-Zentrums (DDZ). \u201eAuch dies soll bei unserem diesj\u00e4hrigen Jubil\u00e4um diskutiert werden.\u201d Dr. Stephan Keller, Oberb\u00fcrgermeister der Landeshauptstadt D\u00fcsseldorf und Schirmherr der Veranstaltung betont: \u201eDiabetes ist und bleibt eine Volkskrankheit \u2013 leider auch in D\u00fcsseldorf. Der D\u00fcsseldorfer Diabetes-Tag bietet zum 20. Mal die Gelegenheit, sich \u00fcber Vorbeugung und Therapien zu informieren. Bitte nutzen auch Sie im Interesse Ihrer eigenen Gesundheit das vielf\u00e4ltige Angebot des D\u00fcsseldorfer Diabetes-Tages\u201d.<\/p>\n\n\n\n<p>Auf der begleitenden Industrieausstellung pr\u00e4sentieren mehr als 30 lokale und (\u00fcber)regionale Unternehmen, Verb\u00e4nde, Selbsthilfegruppen sowie Vereine ihre Angebote, Produkte und Dienstleistungen. Auch f\u00fcr Familien und junge Menschen mit Diabetes bietet der Diabetes-Tag eine Austauschm\u00f6glichkeit. Neben Fachvortr\u00e4gen werden in den Erfahrungsberichten pers\u00f6nliche Erlebnisse von Menschen mit Typ-1-Diabetes und einfache Hilfestellungen f\u00fcr den Alltag praxisnah vorgestellt. Zudem stehen f\u00fcr Fragen Fachkr\u00e4fte aus dem Kinder- und Jugendbereich zur Verf\u00fcgung.<\/p>\n\n\n\n<p><strong>Gesundheits-Parcours: Mitmachen und gewinnen<\/strong><\/p>\n\n\n\n<p>Bei einem Gesundheits-Parcours k\u00f6nnen die Besucherinnen und Besucher an kostenlosen \u00dcbungen und Aktionen an vielen verschiedenen St\u00e4nden aktiv teilnehmen. Am Stand der Apotheken in Nordrhein werden z.B. individuelle Blutdruck- und Blutglukose-Messungen durchgef\u00fchrt w\u00e4hrend am Stand des DDZ die Hand-Kraft-Messung angeboten wird. Zudem stehen Fachkr\u00e4fte f\u00fcr individuelle Beratungen zur Fu\u00dfpflege bereit. Unter den Teilnehmenden des Gesundheits-Parcours werden attraktive Preise verlost.<\/p>\n\n\n\n<p>F\u00fcr den Besuch des 20. D\u00fcsseldorfer Diabetes-Tages ist keine Anmeldung erforderlich, der Eintritt ist kostenlos und der Zugang barrierefrei. Erforderliche Hygienema\u00dfnahmen werden rechtzeitig vor der Veranstaltung \u00fcber die Website kommuniziert. Eingeladen sind Menschen mit Diabetes, Angeh\u00f6rige, Familien mit ihren betroffenen Kindern und alle, die Fragen zum Thema Diabetes haben. Weitere Informationen sowie das Programm finden Sie unter <a href=\"http:\/\/www.duesseldorfer-diabetestag.de\" target=\"_blank\" rel=\"noreferrer noopener\">www.duesseldorfer-diabetestag.de<\/a><\/p>\n\n\n\n<p>Der Informationstag wird gemeinsam vom DDZ, dem Regionalen Innovationsnetzwerk (RIN) Diabetes e.V., der Klinik f\u00fcr Endokrinologie und Diabetologie am Universit\u00e4tsklinikum D\u00fcsseldorf, der Deutschen Diabetes-Hilfe \u2013 Menschen mit Diabetes Landesverband Nordrhein-Westfalen e.V. (DDH-M) sowie den Niedergelassenen D\u00fcsseldorfer Diabetologen und der D\u00fcsseldorfer Handwerkskammer ausgerichtet.<\/p>\n\n\n\n<p><\/p>\n\n\n\n<p><strong>Das Deutsche Diabetes-Zentrum (DDZ) versteht sich als deutsches Referenzzentrum zum Krankheitsbild Diabetes. Ziel ist es, einen Beitrag zur Verbesserung von Pr\u00e4vention, Fr\u00fcherkennung, Diagnostik und Therapie des Diabetes mellitus zu leisten. Gleichzeitig soll die epidemiologische Datenlage in Deutschland verbessert werden. Federf\u00fchrend leitet das DDZ die multizentrisch aufgebaute Deutsche Diabetes-Studie. Es ist Ansprechpartner f\u00fcr alle Akteure im Gesundheitswesen, bereitet wissenschaftliche Informationen zum Diabetes mellitus auf und stellt sie der \u00d6ffentlichkeit zur Verf\u00fcgung. Das DDZ geh\u00f6rt der \u201eWissenschaftsgemeinschaft Gottfried Wilhelm Leibniz\u201c (WGL) an und ist Partner im Deutschen Zentrum f\u00fcr Diabetesforschung (DZD e. V.).<\/strong><\/p>\n","protected":false},"excerpt":{"rendered":"<p>Nichts ersetzt den pers\u00f6nlichen Austausch! Nach zwei digitalen Events findet am 03. September 2022 der 20. D\u00fcsseldorfer Diabetes-Tag wieder als Pr\u00e4senz-Veranstaltung in der Handwerkskammer D\u00fcsseldorf statt. Die Besucherinnen und Besucher [&hellip;]<\/p>\n","protected":false},"author":1,"featured_media":22337,"comment_status":"closed","ping_status":"closed","sticky":false,"template":"","format":"standard","meta":{"_acf_changed":false,"_FSMCFIC_featured_image_caption":"","_FSMCFIC_featured_image_nocaption":"","_FSMCFIC_featured_image_hide":"","footnotes":""},"categories":[38],"tags":[],"class_list":["post-22322","post","type-post","status-publish","format-standard","has-post-thumbnail","hentry","category-pressemitteilungen"],"acf":{"attachments":false},"yoast_head":"<!-- This site is optimized with the Yoast SEO plugin v27.2 - https:\/\/yoast.com\/product\/yoast-seo-wordpress\/ -->\n<title>Aktiv werden und umfassend informieren beim 20. D\u00fcsseldorfer Diabetes-Tag - Deutsches Diabetes-Zentrum (DDZ)<\/title>\n<meta name=\"robots\" content=\"index, follow, max-snippet:-1, max-image-preview:large, max-video-preview:-1\" \/>\n<link rel=\"canonical\" href=\"https:\/\/ddz.de\/en\/aktiv-werden-und-umfassend-informieren-beim-20-duesseldorfer-diabetes-tag\/\" \/>\n<meta property=\"og:locale\" content=\"en_US\" \/>\n<meta property=\"og:type\" content=\"article\" \/>\n<meta property=\"og:title\" content=\"Aktiv werden und umfassend informieren beim 20. D\u00fcsseldorfer Diabetes-Tag - Deutsches Diabetes-Zentrum (DDZ)\" \/>\n<meta property=\"og:description\" content=\"Nichts ersetzt den pers\u00f6nlichen Austausch! Nach zwei digitalen Events findet am 03. September 2022 der 20. D\u00fcsseldorfer Diabetes-Tag wieder als Pr\u00e4senz-Veranstaltung in der Handwerkskammer D\u00fcsseldorf statt. Die Besucherinnen und Besucher [&hellip;]\" \/>\n<meta property=\"og:url\" content=\"https:\/\/ddz.de\/en\/aktiv-werden-und-umfassend-informieren-beim-20-duesseldorfer-diabetes-tag\/\" \/>\n<meta property=\"og:site_name\" content=\"Deutsches Diabetes-Zentrum (DDZ)\" \/>\n<meta property=\"article:publisher\" content=\"https:\/\/www.facebook.com\/diabetesinformationsdienst\/\" \/>\n<meta property=\"article:published_time\" content=\"2022-08-25T10:36:14+00:00\" \/>\n<meta property=\"article:modified_time\" content=\"2022-09-15T06:50:47+00:00\" \/>\n<meta property=\"og:image\" content=\"https:\/\/ddz.de\/wp-content\/uploads\/DDT_Social_Media_800x450_220830.jpg\" \/>\n\t<meta property=\"og:image:width\" content=\"800\" \/>\n\t<meta property=\"og:image:height\" content=\"450\" \/>\n\t<meta property=\"og:image:type\" content=\"image\/jpeg\" \/>\n<meta name=\"author\" content=\"admin\" \/>\n<meta name=\"twitter:card\" content=\"summary_large_image\" \/>\n<meta name=\"twitter:creator\" content=\"@ddz_info\" \/>\n<meta name=\"twitter:site\" content=\"@ddz_info\" \/>\n<meta name=\"twitter:label1\" content=\"Written by\" \/>\n\t<meta name=\"twitter:data1\" content=\"admin\" \/>\n\t<meta name=\"twitter:label2\" content=\"Est. reading time\" \/>\n\t<meta name=\"twitter:data2\" content=\"3 minutes\" \/>\n<script type=\"application\/ld+json\" class=\"yoast-schema-graph\">{\"@context\":\"https:\/\/schema.org\",\"@graph\":[{\"@type\":\"Article\",\"@id\":\"https:\/\/ddz.de\/en\/aktiv-werden-und-umfassend-informieren-beim-20-duesseldorfer-diabetes-tag\/#article\",\"isPartOf\":{\"@id\":\"https:\/\/ddz.de\/en\/aktiv-werden-und-umfassend-informieren-beim-20-duesseldorfer-diabetes-tag\/\"},\"author\":{\"name\":\"admin\",\"@id\":\"https:\/\/ddz.de\/en\/#\/schema\/person\/b0c90a4361ac4e692ea73086e1c2656d\"},\"headline\":\"Aktiv werden und umfassend informieren beim 20. D\u00fcsseldorfer Diabetes-Tag\",\"datePublished\":\"2022-08-25T10:36:14+00:00\",\"dateModified\":\"2022-09-15T06:50:47+00:00\",\"mainEntityOfPage\":{\"@id\":\"https:\/\/ddz.de\/en\/aktiv-werden-und-umfassend-informieren-beim-20-duesseldorfer-diabetes-tag\/\"},\"wordCount\":599,\"publisher\":{\"@id\":\"https:\/\/ddz.de\/en\/#organization\"},\"image\":{\"@id\":\"https:\/\/ddz.de\/en\/aktiv-werden-und-umfassend-informieren-beim-20-duesseldorfer-diabetes-tag\/#primaryimage\"},\"thumbnailUrl\":\"https:\/\/ddz.de\/wp-content\/uploads\/DDT_Social_Media_800x450_220830.jpg\",\"articleSection\":[\"Pressemitteilungen\"],\"inLanguage\":\"en-US\"},{\"@type\":\"WebPage\",\"@id\":\"https:\/\/ddz.de\/en\/aktiv-werden-und-umfassend-informieren-beim-20-duesseldorfer-diabetes-tag\/\",\"url\":\"https:\/\/ddz.de\/en\/aktiv-werden-und-umfassend-informieren-beim-20-duesseldorfer-diabetes-tag\/\",\"name\":\"Aktiv werden und umfassend informieren beim 20. D\u00fcsseldorfer Diabetes-Tag - Deutsches Diabetes-Zentrum (DDZ)\",\"isPartOf\":{\"@id\":\"https:\/\/ddz.de\/en\/#website\"},\"primaryImageOfPage\":{\"@id\":\"https:\/\/ddz.de\/en\/aktiv-werden-und-umfassend-informieren-beim-20-duesseldorfer-diabetes-tag\/#primaryimage\"},\"image\":{\"@id\":\"https:\/\/ddz.de\/en\/aktiv-werden-und-umfassend-informieren-beim-20-duesseldorfer-diabetes-tag\/#primaryimage\"},\"thumbnailUrl\":\"https:\/\/ddz.de\/wp-content\/uploads\/DDT_Social_Media_800x450_220830.jpg\",\"datePublished\":\"2022-08-25T10:36:14+00:00\",\"dateModified\":\"2022-09-15T06:50:47+00:00\",\"breadcrumb\":{\"@id\":\"https:\/\/ddz.de\/en\/aktiv-werden-und-umfassend-informieren-beim-20-duesseldorfer-diabetes-tag\/#breadcrumb\"},\"inLanguage\":\"en-US\",\"potentialAction\":[{\"@type\":\"ReadAction\",\"target\":[\"https:\/\/ddz.de\/en\/aktiv-werden-und-umfassend-informieren-beim-20-duesseldorfer-diabetes-tag\/\"]}]},{\"@type\":\"ImageObject\",\"inLanguage\":\"en-US\",\"@id\":\"https:\/\/ddz.de\/en\/aktiv-werden-und-umfassend-informieren-beim-20-duesseldorfer-diabetes-tag\/#primaryimage\",\"url\":\"https:\/\/ddz.de\/wp-content\/uploads\/DDT_Social_Media_800x450_220830.jpg\",\"contentUrl\":\"https:\/\/ddz.de\/wp-content\/uploads\/DDT_Social_Media_800x450_220830.jpg\",\"width\":800,\"height\":450,\"caption\":\"Grafik f\u00fcr den D\u00fcsseldorfer Diabetes-Tag mit Datum und Veranstaltungsort.\"},{\"@type\":\"BreadcrumbList\",\"@id\":\"https:\/\/ddz.de\/en\/aktiv-werden-und-umfassend-informieren-beim-20-duesseldorfer-diabetes-tag\/#breadcrumb\",\"itemListElement\":[{\"@type\":\"ListItem\",\"position\":1,\"name\":\"Startseite\",\"item\":\"https:\/\/ddz.de\/en\/\"},{\"@type\":\"ListItem\",\"position\":2,\"name\":\"Aktiv werden und umfassend informieren beim 20. D\u00fcsseldorfer Diabetes-Tag\"}]},{\"@type\":\"WebSite\",\"@id\":\"https:\/\/ddz.de\/en\/#website\",\"url\":\"https:\/\/ddz.de\/en\/\",\"name\":\"Deutsches Diabetes-Zentrum (DDZ)\",\"description\":\"Diabetes erforschen - Menschen helfen\",\"publisher\":{\"@id\":\"https:\/\/ddz.de\/en\/#organization\"},\"potentialAction\":[{\"@type\":\"SearchAction\",\"target\":{\"@type\":\"EntryPoint\",\"urlTemplate\":\"https:\/\/ddz.de\/en\/?s={search_term_string}\"},\"query-input\":{\"@type\":\"PropertyValueSpecification\",\"valueRequired\":true,\"valueName\":\"search_term_string\"}}],\"inLanguage\":\"en-US\"},{\"@type\":\"Organization\",\"@id\":\"https:\/\/ddz.de\/en\/#organization\",\"name\":\"Deutsches Diabetes-Zentrum (DDZ)\",\"url\":\"https:\/\/ddz.de\/en\/\",\"logo\":{\"@type\":\"ImageObject\",\"inLanguage\":\"en-US\",\"@id\":\"https:\/\/ddz.de\/en\/#\/schema\/logo\/image\/\",\"url\":\"https:\/\/ddz.de\/wp-content\/uploads\/ddz_logo_de.png\",\"contentUrl\":\"https:\/\/ddz.de\/wp-content\/uploads\/ddz_logo_de.png\",\"width\":640,\"height\":226,\"caption\":\"Deutsches Diabetes-Zentrum (DDZ)\"},\"image\":{\"@id\":\"https:\/\/ddz.de\/en\/#\/schema\/logo\/image\/\"},\"sameAs\":[\"https:\/\/www.facebook.com\/diabetesinformationsdienst\/\",\"https:\/\/x.com\/ddz_info\",\"https:\/\/www.youtube.com\/channel\/UCNxwshEljrBJXPri-w9IiLg\"]},{\"@type\":\"Person\",\"@id\":\"https:\/\/ddz.de\/en\/#\/schema\/person\/b0c90a4361ac4e692ea73086e1c2656d\",\"name\":\"admin\",\"image\":{\"@type\":\"ImageObject\",\"inLanguage\":\"en-US\",\"@id\":\"https:\/\/secure.gravatar.com\/avatar\/6ecc878db5649b53fda11f292c9607d383ab88185d28bec22bda2f12dbce1ddc?s=96&d=mm&r=g\",\"url\":\"https:\/\/secure.gravatar.com\/avatar\/6ecc878db5649b53fda11f292c9607d383ab88185d28bec22bda2f12dbce1ddc?s=96&d=mm&r=g\",\"contentUrl\":\"https:\/\/secure.gravatar.com\/avatar\/6ecc878db5649b53fda11f292c9607d383ab88185d28bec22bda2f12dbce1ddc?s=96&d=mm&r=g\",\"caption\":\"admin\"}}]}<\/script>\n<!-- \/ Yoast SEO plugin. -->","yoast_head_json":{"title":"Aktiv werden und umfassend informieren beim 20. D\u00fcsseldorfer Diabetes-Tag - Deutsches Diabetes-Zentrum (DDZ)","robots":{"index":"index","follow":"follow","max-snippet":"max-snippet:-1","max-image-preview":"max-image-preview:large","max-video-preview":"max-video-preview:-1"},"canonical":"https:\/\/ddz.de\/en\/aktiv-werden-und-umfassend-informieren-beim-20-duesseldorfer-diabetes-tag\/","og_locale":"en_US","og_type":"article","og_title":"Aktiv werden und umfassend informieren beim 20. D\u00fcsseldorfer Diabetes-Tag - Deutsches Diabetes-Zentrum (DDZ)","og_description":"Nichts ersetzt den pers\u00f6nlichen Austausch! Nach zwei digitalen Events findet am 03. September 2022 der 20. D\u00fcsseldorfer Diabetes-Tag wieder als Pr\u00e4senz-Veranstaltung in der Handwerkskammer D\u00fcsseldorf statt. Die Besucherinnen und Besucher [&hellip;]","og_url":"https:\/\/ddz.de\/en\/aktiv-werden-und-umfassend-informieren-beim-20-duesseldorfer-diabetes-tag\/","og_site_name":"Deutsches Diabetes-Zentrum (DDZ)","article_publisher":"https:\/\/www.facebook.com\/diabetesinformationsdienst\/","article_published_time":"2022-08-25T10:36:14+00:00","article_modified_time":"2022-09-15T06:50:47+00:00","og_image":[{"width":800,"height":450,"url":"https:\/\/ddz.de\/wp-content\/uploads\/DDT_Social_Media_800x450_220830.jpg","type":"image\/jpeg"}],"author":"admin","twitter_card":"summary_large_image","twitter_creator":"@ddz_info","twitter_site":"@ddz_info","twitter_misc":{"Written by":"admin","Est. reading time":"3 minutes"},"schema":{"@context":"https:\/\/schema.org","@graph":[{"@type":"Article","@id":"https:\/\/ddz.de\/en\/aktiv-werden-und-umfassend-informieren-beim-20-duesseldorfer-diabetes-tag\/#article","isPartOf":{"@id":"https:\/\/ddz.de\/en\/aktiv-werden-und-umfassend-informieren-beim-20-duesseldorfer-diabetes-tag\/"},"author":{"name":"admin","@id":"https:\/\/ddz.de\/en\/#\/schema\/person\/b0c90a4361ac4e692ea73086e1c2656d"},"headline":"Aktiv werden und umfassend informieren beim 20. D\u00fcsseldorfer Diabetes-Tag","datePublished":"2022-08-25T10:36:14+00:00","dateModified":"2022-09-15T06:50:47+00:00","mainEntityOfPage":{"@id":"https:\/\/ddz.de\/en\/aktiv-werden-und-umfassend-informieren-beim-20-duesseldorfer-diabetes-tag\/"},"wordCount":599,"publisher":{"@id":"https:\/\/ddz.de\/en\/#organization"},"image":{"@id":"https:\/\/ddz.de\/en\/aktiv-werden-und-umfassend-informieren-beim-20-duesseldorfer-diabetes-tag\/#primaryimage"},"thumbnailUrl":"https:\/\/ddz.de\/wp-content\/uploads\/DDT_Social_Media_800x450_220830.jpg","articleSection":["Pressemitteilungen"],"inLanguage":"en-US"},{"@type":"WebPage","@id":"https:\/\/ddz.de\/en\/aktiv-werden-und-umfassend-informieren-beim-20-duesseldorfer-diabetes-tag\/","url":"https:\/\/ddz.de\/en\/aktiv-werden-und-umfassend-informieren-beim-20-duesseldorfer-diabetes-tag\/","name":"Aktiv werden und umfassend informieren beim 20. D\u00fcsseldorfer Diabetes-Tag - Deutsches Diabetes-Zentrum (DDZ)","isPartOf":{"@id":"https:\/\/ddz.de\/en\/#website"},"primaryImageOfPage":{"@id":"https:\/\/ddz.de\/en\/aktiv-werden-und-umfassend-informieren-beim-20-duesseldorfer-diabetes-tag\/#primaryimage"},"image":{"@id":"https:\/\/ddz.de\/en\/aktiv-werden-und-umfassend-informieren-beim-20-duesseldorfer-diabetes-tag\/#primaryimage"},"thumbnailUrl":"https:\/\/ddz.de\/wp-content\/uploads\/DDT_Social_Media_800x450_220830.jpg","datePublished":"2022-08-25T10:36:14+00:00","dateModified":"2022-09-15T06:50:47+00:00","breadcrumb":{"@id":"https:\/\/ddz.de\/en\/aktiv-werden-und-umfassend-informieren-beim-20-duesseldorfer-diabetes-tag\/#breadcrumb"},"inLanguage":"en-US","potentialAction":[{"@type":"ReadAction","target":["https:\/\/ddz.de\/en\/aktiv-werden-und-umfassend-informieren-beim-20-duesseldorfer-diabetes-tag\/"]}]},{"@type":"ImageObject","inLanguage":"en-US","@id":"https:\/\/ddz.de\/en\/aktiv-werden-und-umfassend-informieren-beim-20-duesseldorfer-diabetes-tag\/#primaryimage","url":"https:\/\/ddz.de\/wp-content\/uploads\/DDT_Social_Media_800x450_220830.jpg","contentUrl":"https:\/\/ddz.de\/wp-content\/uploads\/DDT_Social_Media_800x450_220830.jpg","width":800,"height":450,"caption":"Grafik f\u00fcr den D\u00fcsseldorfer Diabetes-Tag mit Datum und Veranstaltungsort."},{"@type":"BreadcrumbList","@id":"https:\/\/ddz.de\/en\/aktiv-werden-und-umfassend-informieren-beim-20-duesseldorfer-diabetes-tag\/#breadcrumb","itemListElement":[{"@type":"ListItem","position":1,"name":"Startseite","item":"https:\/\/ddz.de\/en\/"},{"@type":"ListItem","position":2,"name":"Aktiv werden und umfassend informieren beim 20. D\u00fcsseldorfer Diabetes-Tag"}]},{"@type":"WebSite","@id":"https:\/\/ddz.de\/en\/#website","url":"https:\/\/ddz.de\/en\/","name":"Deutsches Diabetes-Zentrum (DDZ)","description":"Diabetes erforschen - Menschen helfen","publisher":{"@id":"https:\/\/ddz.de\/en\/#organization"},"potentialAction":[{"@type":"SearchAction","target":{"@type":"EntryPoint","urlTemplate":"https:\/\/ddz.de\/en\/?s={search_term_string}"},"query-input":{"@type":"PropertyValueSpecification","valueRequired":true,"valueName":"search_term_string"}}],"inLanguage":"en-US"},{"@type":"Organization","@id":"https:\/\/ddz.de\/en\/#organization","name":"Deutsches Diabetes-Zentrum (DDZ)","url":"https:\/\/ddz.de\/en\/","logo":{"@type":"ImageObject","inLanguage":"en-US","@id":"https:\/\/ddz.de\/en\/#\/schema\/logo\/image\/","url":"https:\/\/ddz.de\/wp-content\/uploads\/ddz_logo_de.png","contentUrl":"https:\/\/ddz.de\/wp-content\/uploads\/ddz_logo_de.png","width":640,"height":226,"caption":"Deutsches Diabetes-Zentrum (DDZ)"},"image":{"@id":"https:\/\/ddz.de\/en\/#\/schema\/logo\/image\/"},"sameAs":["https:\/\/www.facebook.com\/diabetesinformationsdienst\/","https:\/\/x.com\/ddz_info","https:\/\/www.youtube.com\/channel\/UCNxwshEljrBJXPri-w9IiLg"]},{"@type":"Person","@id":"https:\/\/ddz.de\/en\/#\/schema\/person\/b0c90a4361ac4e692ea73086e1c2656d","name":"admin","image":{"@type":"ImageObject","inLanguage":"en-US","@id":"https:\/\/secure.gravatar.com\/avatar\/6ecc878db5649b53fda11f292c9607d383ab88185d28bec22bda2f12dbce1ddc?s=96&d=mm&r=g","url":"https:\/\/secure.gravatar.com\/avatar\/6ecc878db5649b53fda11f292c9607d383ab88185d28bec22bda2f12dbce1ddc?s=96&d=mm&r=g","contentUrl":"https:\/\/secure.gravatar.com\/avatar\/6ecc878db5649b53fda11f292c9607d383ab88185d28bec22bda2f12dbce1ddc?s=96&d=mm&r=g","caption":"admin"}}]}},"_links":{"self":[{"href":"https:\/\/ddz.de\/en\/wp-json\/wp\/v2\/posts\/22322","targetHints":{"allow":["GET"]}}],"collection":[{"href":"https:\/\/ddz.de\/en\/wp-json\/wp\/v2\/posts"}],"about":[{"href":"https:\/\/ddz.de\/en\/wp-json\/wp\/v2\/types\/post"}],"author":[{"embeddable":true,"href":"https:\/\/ddz.de\/en\/wp-json\/wp\/v2\/users\/1"}],"replies":[{"embeddable":true,"href":"https:\/\/ddz.de\/en\/wp-json\/wp\/v2\/comments?post=22322"}],"version-history":[{"count":2,"href":"https:\/\/ddz.de\/en\/wp-json\/wp\/v2\/posts\/22322\/revisions"}],"predecessor-version":[{"id":22324,"href":"https:\/\/ddz.de\/en\/wp-json\/wp\/v2\/posts\/22322\/revisions\/22324"}],"wp:featuredmedia":[{"embeddable":true,"href":"https:\/\/ddz.de\/en\/wp-json\/wp\/v2\/media\/22337"}],"wp:attachment":[{"href":"https:\/\/ddz.de\/en\/wp-json\/wp\/v2\/media?parent=22322"}],"wp:term":[{"taxonomy":"category","embeddable":true,"href":"https:\/\/ddz.de\/en\/wp-json\/wp\/v2\/categories?post=22322"},{"taxonomy":"post_tag","embeddable":true,"href":"https:\/\/ddz.de\/en\/wp-json\/wp\/v2\/tags?post=22322"}],"curies":[{"name":"wp","href":"https:\/\/api.w.org\/{rel}","templated":true}]}}