{"id":21881,"date":"2021-11-26T09:02:10","date_gmt":"2021-11-26T08:02:10","guid":{"rendered":"https:\/\/ddz.de\/?p=21881"},"modified":"2021-11-26T11:23:05","modified_gmt":"2021-11-26T10:23:05","slug":"weltdiabetes-tag-2021-deutsches-diabetes-zentrum-fordert-die-politik-zum-handeln-auf","status":"publish","type":"post","link":"https:\/\/ddz.de\/en\/weltdiabetes-tag-2021-deutsches-diabetes-zentrum-fordert-die-politik-zum-handeln-auf\/","title":{"rendered":"Weltdiabetes-Tag 2021: Deutsches Diabetes-Zentrum fordert Politik zum Handeln auf"},"content":{"rendered":"\n<p><strong>2021 fand der mittlerweile 30. Weltdiabetes-Tag statt. In dessen Rahmen wurde in D\u00fcsseldorf nicht nur ein Gesundheitsmarkt mit Illumination bedeutender Monumente er\u00f6ffnet, sondern das Deutsche Diabetes-Zentrum diskutierte auch in einer Pressekonferenz mit dem Gesundheitsminister von NRW \u00fcber die Folgen und L\u00f6sungen zu den ansteigenden Diabetes-Zahlen.<\/strong><\/p>\n\n\n\n<p><strong>D\u00fcsseldorf (DDZ) \u2013<\/strong> Der Weltdiabetes-Tag am 14. November stand in diesem Jahr im Zeichen des 100-j\u00e4hrigen Jubil\u00e4ums der Entdeckung des Insulins durch Frederick Banting und Charles Best. Doch trotz zahlreicher weiterer Innovationen in der Forschung ist Diabetes weltweit auf dem Vormarsch. Laut des International Diabetes Federation Atlas liegt die weltweite Anzahl der Menschen mit Diabetes derzeit bei knapp 540 Millionen. F\u00fcr 2045 wird ein Anstieg auf 784 Millionen prognostiziert. Auch in Deutschland steigen die Zahlen laut neuster Sch\u00e4tzungen mit rund 600.000 Neuerkrankungen pro Jahr. Der Weltdiabetes-Tag wird daher genutzt, um auf die daraus resultierenden Herausforderungen f\u00fcr die Gesellschaft aufmerksam zu machen.<\/p>\n\n\n\n<p>Am 12. November fand aus diesem Grund im Ministerium f\u00fcr Gesundheit, Arbeit und Soziales von Nordrhein-Westfalen eine Pressekonferenz mit Gesundheitsminister Karl-Josef Laumann statt \u2013 gemeinsam mit dem Vorstand des Deutschen Diabetes-Zentrums (DDZ), Prof. Dr. Michael Roden, und Norbert Kuster, Gesch\u00e4ftsf\u00fchrer des NRW-Landesverbandes der Deutschen Diabetes-Hilfe, sowie Dr. Olaf Sp\u00f6rkel, Leiter des Nationalen Diabetes-Informationszentrums und Dr. Jolanta Schottenfeld-Naor von der Diabetes-Schwerpunktpraxis D\u00fcsseldorf. Auf der Pressekonferenz nannte Prof. Roden den Diabetes eine epidemische und potentiell t\u00f6dliche Krankheit. \u201eMenschen mit Diabetes haben ein h\u00f6heres Risiko f\u00fcr einen schlechteren Verlauf der Corona-Infektion. Desweitern kann es w\u00e4hrend der Pandemie zu einem eingeschr\u00e4nkten Zugang zur Regelversorgung des Diabetes kommen\u201c, erkl\u00e4rte Prof. Roden, der auch Direktor der Klinik f\u00fcr Endokrinologie und Diabetologie am Univ. Klinikum D\u00fcsseldorf ist. Er sieht aber Ans\u00e4tze, die Versorgung zu optimieren, z. B. durch eine st\u00e4rkere Kopplung von Forschung und Versorgung und intensive fach\u00fcbergreifende Zusammenarbeit. Als konkretes Beispiel f\u00fchrte er das CARDDIAB an, wo kardiologische und diabetologische Forschung am Universit\u00e4tsklinikum D\u00fcsseldorf in Zukunft zusammengef\u00fchrt werden. \u201eEs gibt jedoch auch dringenden Handlungsbedarf, wie beispielsweise den Mangel an universit\u00e4ren Fachabteilungen und Fach\u00e4rzten\u201c, erl\u00e4uterte Prof. Roden und fuhr fort, \u201eseit 2000 ist die Zahl der Lehrst\u00fchle der Diabetologie von 17 auf heute gerade mal sieben zur\u00fcckgegangen.\u201c<\/p>\n\n\n\n<p>In Angesicht dieser Berichte k\u00fcndigte Gesundheitsminister Laumann an, dass er sich in der Gesundheitsminister-Konferenz um einen verbindlichen Zeitplan f\u00fcr eine deutschlandweite Diabetesstrategie einsetzen wird. Bis es auf Bundesebene zu konkreten Ma\u00dfnahmen kommt, versucht das DDZ mit seinen Partnern und anderen Institutionen die \u00d6ffentlichkeit weiter f\u00fcr das Thema zu sensibilisieren und die Pr\u00e4ventionsangebote auszubauen. Dies konnten die B\u00fcrgerinnen und B\u00fcrger von D\u00fcsseldorf am Weltdiabetes-Tag auch direkt live erfahren, da das DDZ in Zusammenarbeit mit der Deutschen Diabetes-Hilfe einen Gesundheitsmarkt mit Schwerpunkt Diabetes auf dem Burgplatz organisierte. H\u00f6hepunkt der Veranstaltung war der Besuch des regierenden Oberb\u00fcrgermeisters der Landeshauptstadt, Dr. Stephan Keller, der gemeinsam mit dem Vorstand des DDZ auf einen roten Buzzer dr\u00fcckte und damit eine Illumination einl\u00e4utete: Bekannte Institutionen am Rheinufer, wie die Tonhalle, der Fernsehturm oder das Riesenrad wurden daraufhin blau angestrahlt. Die Aktion war Teil der weltweiten Blue Monument Challenge, mit der auf die steigenden Diabetes-Zahlen aufmerksam gemacht werden sollte.<\/p>\n\n\n\n<p><\/p>\n","protected":false},"excerpt":{"rendered":"<p>2021 fand der mittlerweile 30. Weltdiabetes-Tag statt. In dessen Rahmen wurde in D\u00fcsseldorf nicht nur ein Gesundheitsmarkt mit Illumination bedeutender Monumente er\u00f6ffnet, sondern das Deutsche Diabetes-Zentrum diskutierte auch in einer [&hellip;]<\/p>\n","protected":false},"author":10,"featured_media":21883,"comment_status":"closed","ping_status":"closed","sticky":false,"template":"","format":"standard","meta":{"_acf_changed":false,"_FSMCFIC_featured_image_caption":"TeilnehmerInnen des Pressegespr\u00e4ches (v.l.n.r): Dr. Jolanta Schottenfeld-Naor, Dr. Olaf Sp\u00f6rkel, Norbert Kuster, Karl-Josef Laumann &amp; Prof. Dr. Michael Roden.","_FSMCFIC_featured_image_nocaption":"","_FSMCFIC_featured_image_hide":"","footnotes":""},"categories":[38,1],"tags":[],"class_list":["post-21881","post","type-post","status-publish","format-standard","has-post-thumbnail","hentry","category-pressemitteilungen","category-unkategorisiert"],"acf":{"attachments":false},"yoast_head":"<!-- This site is optimized with the Yoast SEO plugin v27.2 - https:\/\/yoast.com\/product\/yoast-seo-wordpress\/ -->\n<title>Weltdiabetes-Tag 2021: Deutsches Diabetes-Zentrum fordert Politik zum Handeln auf - Deutsches Diabetes-Zentrum (DDZ)<\/title>\n<meta name=\"description\" content=\"Im Rahmen des Weltdiabetes-Tages wurde nicht nur ein Gesundheitsmarkt mit Illumination bedeutender Monumente in D\u00fcsseldorf er\u00f6ffnet, sondern das Deutsche Diabetes-Zentrum diskutierte auch in einer Pressekonferenz mit dem Gesundheitsminister von NRW \u00fcber die Folgen und L\u00f6sungen zu den ansteigenden Diabetes-Zahlen.\" \/>\n<meta name=\"robots\" content=\"index, follow, max-snippet:-1, max-image-preview:large, max-video-preview:-1\" \/>\n<link rel=\"canonical\" href=\"https:\/\/ddz.de\/en\/weltdiabetes-tag-2021-deutsches-diabetes-zentrum-fordert-die-politik-zum-handeln-auf\/\" \/>\n<meta property=\"og:locale\" content=\"en_US\" \/>\n<meta property=\"og:type\" content=\"article\" \/>\n<meta property=\"og:title\" content=\"Weltdiabetes-Tag 2021: Deutsches Diabetes-Zentrum fordert Politik zum Handeln auf - Deutsches Diabetes-Zentrum (DDZ)\" \/>\n<meta property=\"og:description\" content=\"Im Rahmen des Weltdiabetes-Tages wurde nicht nur ein Gesundheitsmarkt mit Illumination bedeutender Monumente in D\u00fcsseldorf er\u00f6ffnet, sondern das Deutsche Diabetes-Zentrum diskutierte auch in einer Pressekonferenz mit dem Gesundheitsminister von NRW \u00fcber die Folgen und L\u00f6sungen zu den ansteigenden Diabetes-Zahlen.\" \/>\n<meta property=\"og:url\" content=\"https:\/\/ddz.de\/en\/weltdiabetes-tag-2021-deutsches-diabetes-zentrum-fordert-die-politik-zum-handeln-auf\/\" \/>\n<meta property=\"og:site_name\" content=\"Deutsches Diabetes-Zentrum (DDZ)\" \/>\n<meta property=\"article:publisher\" content=\"https:\/\/www.facebook.com\/diabetesinformationsdienst\/\" \/>\n<meta property=\"article:published_time\" content=\"2021-11-26T08:02:10+00:00\" \/>\n<meta property=\"article:modified_time\" content=\"2021-11-26T10:23:05+00:00\" \/>\n<meta property=\"og:image\" content=\"https:\/\/ddz.de\/wp-content\/uploads\/PK-Weltdiabetestag-12.11.2021_1-scaled.jpg\" \/>\n\t<meta property=\"og:image:width\" content=\"2560\" \/>\n\t<meta property=\"og:image:height\" content=\"1920\" \/>\n\t<meta property=\"og:image:type\" content=\"image\/jpeg\" \/>\n<meta name=\"author\" content=\"Susan J\u00f6rges\" \/>\n<meta name=\"twitter:card\" content=\"summary_large_image\" \/>\n<meta name=\"twitter:creator\" content=\"@ddz_info\" \/>\n<meta name=\"twitter:site\" content=\"@ddz_info\" \/>\n<meta name=\"twitter:label1\" content=\"Written by\" \/>\n\t<meta name=\"twitter:data1\" content=\"Susan J\u00f6rges\" \/>\n\t<meta name=\"twitter:label2\" content=\"Est. reading time\" \/>\n\t<meta name=\"twitter:data2\" content=\"3 minutes\" \/>\n<script type=\"application\/ld+json\" class=\"yoast-schema-graph\">{\"@context\":\"https:\/\/schema.org\",\"@graph\":[{\"@type\":\"Article\",\"@id\":\"https:\/\/ddz.de\/en\/weltdiabetes-tag-2021-deutsches-diabetes-zentrum-fordert-die-politik-zum-handeln-auf\/#article\",\"isPartOf\":{\"@id\":\"https:\/\/ddz.de\/en\/weltdiabetes-tag-2021-deutsches-diabetes-zentrum-fordert-die-politik-zum-handeln-auf\/\"},\"author\":{\"name\":\"Susan J\u00f6rges\",\"@id\":\"https:\/\/ddz.de\/en\/#\/schema\/person\/2c7dd3092a188f613114cc349501b2c7\"},\"headline\":\"Weltdiabetes-Tag 2021: Deutsches Diabetes-Zentrum fordert Politik zum Handeln auf\",\"datePublished\":\"2021-11-26T08:02:10+00:00\",\"dateModified\":\"2021-11-26T10:23:05+00:00\",\"mainEntityOfPage\":{\"@id\":\"https:\/\/ddz.de\/en\/weltdiabetes-tag-2021-deutsches-diabetes-zentrum-fordert-die-politik-zum-handeln-auf\/\"},\"wordCount\":539,\"publisher\":{\"@id\":\"https:\/\/ddz.de\/en\/#organization\"},\"image\":{\"@id\":\"https:\/\/ddz.de\/en\/weltdiabetes-tag-2021-deutsches-diabetes-zentrum-fordert-die-politik-zum-handeln-auf\/#primaryimage\"},\"thumbnailUrl\":\"https:\/\/ddz.de\/wp-content\/uploads\/PK-Weltdiabetestag-12.11.2021_1-scaled.jpg\",\"articleSection\":[\"Pressemitteilungen\",\"Unkategorisiert\"],\"inLanguage\":\"en-US\"},{\"@type\":\"WebPage\",\"@id\":\"https:\/\/ddz.de\/en\/weltdiabetes-tag-2021-deutsches-diabetes-zentrum-fordert-die-politik-zum-handeln-auf\/\",\"url\":\"https:\/\/ddz.de\/en\/weltdiabetes-tag-2021-deutsches-diabetes-zentrum-fordert-die-politik-zum-handeln-auf\/\",\"name\":\"Weltdiabetes-Tag 2021: Deutsches Diabetes-Zentrum fordert Politik zum Handeln auf - Deutsches Diabetes-Zentrum (DDZ)\",\"isPartOf\":{\"@id\":\"https:\/\/ddz.de\/en\/#website\"},\"primaryImageOfPage\":{\"@id\":\"https:\/\/ddz.de\/en\/weltdiabetes-tag-2021-deutsches-diabetes-zentrum-fordert-die-politik-zum-handeln-auf\/#primaryimage\"},\"image\":{\"@id\":\"https:\/\/ddz.de\/en\/weltdiabetes-tag-2021-deutsches-diabetes-zentrum-fordert-die-politik-zum-handeln-auf\/#primaryimage\"},\"thumbnailUrl\":\"https:\/\/ddz.de\/wp-content\/uploads\/PK-Weltdiabetestag-12.11.2021_1-scaled.jpg\",\"datePublished\":\"2021-11-26T08:02:10+00:00\",\"dateModified\":\"2021-11-26T10:23:05+00:00\",\"description\":\"Im Rahmen des Weltdiabetes-Tages wurde nicht nur ein Gesundheitsmarkt mit Illumination bedeutender Monumente in D\u00fcsseldorf er\u00f6ffnet, sondern das Deutsche Diabetes-Zentrum diskutierte auch in einer Pressekonferenz mit dem Gesundheitsminister von NRW \u00fcber die Folgen und L\u00f6sungen zu den ansteigenden Diabetes-Zahlen.\",\"breadcrumb\":{\"@id\":\"https:\/\/ddz.de\/en\/weltdiabetes-tag-2021-deutsches-diabetes-zentrum-fordert-die-politik-zum-handeln-auf\/#breadcrumb\"},\"inLanguage\":\"en-US\",\"potentialAction\":[{\"@type\":\"ReadAction\",\"target\":[\"https:\/\/ddz.de\/en\/weltdiabetes-tag-2021-deutsches-diabetes-zentrum-fordert-die-politik-zum-handeln-auf\/\"]}]},{\"@type\":\"ImageObject\",\"inLanguage\":\"en-US\",\"@id\":\"https:\/\/ddz.de\/en\/weltdiabetes-tag-2021-deutsches-diabetes-zentrum-fordert-die-politik-zum-handeln-auf\/#primaryimage\",\"url\":\"https:\/\/ddz.de\/wp-content\/uploads\/PK-Weltdiabetestag-12.11.2021_1-scaled.jpg\",\"contentUrl\":\"https:\/\/ddz.de\/wp-content\/uploads\/PK-Weltdiabetestag-12.11.2021_1-scaled.jpg\",\"width\":2560,\"height\":1920,\"caption\":\"(v.l.n.r)\"},{\"@type\":\"BreadcrumbList\",\"@id\":\"https:\/\/ddz.de\/en\/weltdiabetes-tag-2021-deutsches-diabetes-zentrum-fordert-die-politik-zum-handeln-auf\/#breadcrumb\",\"itemListElement\":[{\"@type\":\"ListItem\",\"position\":1,\"name\":\"Startseite\",\"item\":\"https:\/\/ddz.de\/en\/\"},{\"@type\":\"ListItem\",\"position\":2,\"name\":\"Weltdiabetes-Tag 2021: Deutsches Diabetes-Zentrum fordert Politik zum Handeln auf\"}]},{\"@type\":\"WebSite\",\"@id\":\"https:\/\/ddz.de\/en\/#website\",\"url\":\"https:\/\/ddz.de\/en\/\",\"name\":\"Deutsches Diabetes-Zentrum (DDZ)\",\"description\":\"Diabetes erforschen - Menschen helfen\",\"publisher\":{\"@id\":\"https:\/\/ddz.de\/en\/#organization\"},\"potentialAction\":[{\"@type\":\"SearchAction\",\"target\":{\"@type\":\"EntryPoint\",\"urlTemplate\":\"https:\/\/ddz.de\/en\/?s={search_term_string}\"},\"query-input\":{\"@type\":\"PropertyValueSpecification\",\"valueRequired\":true,\"valueName\":\"search_term_string\"}}],\"inLanguage\":\"en-US\"},{\"@type\":\"Organization\",\"@id\":\"https:\/\/ddz.de\/en\/#organization\",\"name\":\"Deutsches Diabetes-Zentrum (DDZ)\",\"url\":\"https:\/\/ddz.de\/en\/\",\"logo\":{\"@type\":\"ImageObject\",\"inLanguage\":\"en-US\",\"@id\":\"https:\/\/ddz.de\/en\/#\/schema\/logo\/image\/\",\"url\":\"https:\/\/ddz.de\/wp-content\/uploads\/ddz_logo_de.png\",\"contentUrl\":\"https:\/\/ddz.de\/wp-content\/uploads\/ddz_logo_de.png\",\"width\":640,\"height\":226,\"caption\":\"Deutsches Diabetes-Zentrum (DDZ)\"},\"image\":{\"@id\":\"https:\/\/ddz.de\/en\/#\/schema\/logo\/image\/\"},\"sameAs\":[\"https:\/\/www.facebook.com\/diabetesinformationsdienst\/\",\"https:\/\/x.com\/ddz_info\",\"https:\/\/www.youtube.com\/channel\/UCNxwshEljrBJXPri-w9IiLg\"]},{\"@type\":\"Person\",\"@id\":\"https:\/\/ddz.de\/en\/#\/schema\/person\/2c7dd3092a188f613114cc349501b2c7\",\"name\":\"Susan J\u00f6rges\",\"image\":{\"@type\":\"ImageObject\",\"inLanguage\":\"en-US\",\"@id\":\"https:\/\/secure.gravatar.com\/avatar\/214be17eb4c5d5fc7e8f068827d3e1b7d73004f7995b0db9712b7cb4fbcddf38?s=96&d=mm&r=g\",\"url\":\"https:\/\/secure.gravatar.com\/avatar\/214be17eb4c5d5fc7e8f068827d3e1b7d73004f7995b0db9712b7cb4fbcddf38?s=96&d=mm&r=g\",\"contentUrl\":\"https:\/\/secure.gravatar.com\/avatar\/214be17eb4c5d5fc7e8f068827d3e1b7d73004f7995b0db9712b7cb4fbcddf38?s=96&d=mm&r=g\",\"caption\":\"Susan J\u00f6rges\"}}]}<\/script>\n<!-- \/ Yoast SEO plugin. -->","yoast_head_json":{"title":"Weltdiabetes-Tag 2021: Deutsches Diabetes-Zentrum fordert Politik zum Handeln auf - Deutsches Diabetes-Zentrum (DDZ)","description":"Im Rahmen des Weltdiabetes-Tages wurde nicht nur ein Gesundheitsmarkt mit Illumination bedeutender Monumente in D\u00fcsseldorf er\u00f6ffnet, sondern das Deutsche Diabetes-Zentrum diskutierte auch in einer Pressekonferenz mit dem Gesundheitsminister von NRW \u00fcber die Folgen und L\u00f6sungen zu den ansteigenden Diabetes-Zahlen.","robots":{"index":"index","follow":"follow","max-snippet":"max-snippet:-1","max-image-preview":"max-image-preview:large","max-video-preview":"max-video-preview:-1"},"canonical":"https:\/\/ddz.de\/en\/weltdiabetes-tag-2021-deutsches-diabetes-zentrum-fordert-die-politik-zum-handeln-auf\/","og_locale":"en_US","og_type":"article","og_title":"Weltdiabetes-Tag 2021: Deutsches Diabetes-Zentrum fordert Politik zum Handeln auf - Deutsches Diabetes-Zentrum (DDZ)","og_description":"Im Rahmen des Weltdiabetes-Tages wurde nicht nur ein Gesundheitsmarkt mit Illumination bedeutender Monumente in D\u00fcsseldorf er\u00f6ffnet, sondern das Deutsche Diabetes-Zentrum diskutierte auch in einer Pressekonferenz mit dem Gesundheitsminister von NRW \u00fcber die Folgen und L\u00f6sungen zu den ansteigenden Diabetes-Zahlen.","og_url":"https:\/\/ddz.de\/en\/weltdiabetes-tag-2021-deutsches-diabetes-zentrum-fordert-die-politik-zum-handeln-auf\/","og_site_name":"Deutsches Diabetes-Zentrum (DDZ)","article_publisher":"https:\/\/www.facebook.com\/diabetesinformationsdienst\/","article_published_time":"2021-11-26T08:02:10+00:00","article_modified_time":"2021-11-26T10:23:05+00:00","og_image":[{"width":2560,"height":1920,"url":"https:\/\/ddz.de\/wp-content\/uploads\/PK-Weltdiabetestag-12.11.2021_1-scaled.jpg","type":"image\/jpeg"}],"author":"Susan J\u00f6rges","twitter_card":"summary_large_image","twitter_creator":"@ddz_info","twitter_site":"@ddz_info","twitter_misc":{"Written by":"Susan J\u00f6rges","Est. reading time":"3 minutes"},"schema":{"@context":"https:\/\/schema.org","@graph":[{"@type":"Article","@id":"https:\/\/ddz.de\/en\/weltdiabetes-tag-2021-deutsches-diabetes-zentrum-fordert-die-politik-zum-handeln-auf\/#article","isPartOf":{"@id":"https:\/\/ddz.de\/en\/weltdiabetes-tag-2021-deutsches-diabetes-zentrum-fordert-die-politik-zum-handeln-auf\/"},"author":{"name":"Susan J\u00f6rges","@id":"https:\/\/ddz.de\/en\/#\/schema\/person\/2c7dd3092a188f613114cc349501b2c7"},"headline":"Weltdiabetes-Tag 2021: Deutsches Diabetes-Zentrum fordert Politik zum Handeln auf","datePublished":"2021-11-26T08:02:10+00:00","dateModified":"2021-11-26T10:23:05+00:00","mainEntityOfPage":{"@id":"https:\/\/ddz.de\/en\/weltdiabetes-tag-2021-deutsches-diabetes-zentrum-fordert-die-politik-zum-handeln-auf\/"},"wordCount":539,"publisher":{"@id":"https:\/\/ddz.de\/en\/#organization"},"image":{"@id":"https:\/\/ddz.de\/en\/weltdiabetes-tag-2021-deutsches-diabetes-zentrum-fordert-die-politik-zum-handeln-auf\/#primaryimage"},"thumbnailUrl":"https:\/\/ddz.de\/wp-content\/uploads\/PK-Weltdiabetestag-12.11.2021_1-scaled.jpg","articleSection":["Pressemitteilungen","Unkategorisiert"],"inLanguage":"en-US"},{"@type":"WebPage","@id":"https:\/\/ddz.de\/en\/weltdiabetes-tag-2021-deutsches-diabetes-zentrum-fordert-die-politik-zum-handeln-auf\/","url":"https:\/\/ddz.de\/en\/weltdiabetes-tag-2021-deutsches-diabetes-zentrum-fordert-die-politik-zum-handeln-auf\/","name":"Weltdiabetes-Tag 2021: Deutsches Diabetes-Zentrum fordert Politik zum Handeln auf - Deutsches Diabetes-Zentrum (DDZ)","isPartOf":{"@id":"https:\/\/ddz.de\/en\/#website"},"primaryImageOfPage":{"@id":"https:\/\/ddz.de\/en\/weltdiabetes-tag-2021-deutsches-diabetes-zentrum-fordert-die-politik-zum-handeln-auf\/#primaryimage"},"image":{"@id":"https:\/\/ddz.de\/en\/weltdiabetes-tag-2021-deutsches-diabetes-zentrum-fordert-die-politik-zum-handeln-auf\/#primaryimage"},"thumbnailUrl":"https:\/\/ddz.de\/wp-content\/uploads\/PK-Weltdiabetestag-12.11.2021_1-scaled.jpg","datePublished":"2021-11-26T08:02:10+00:00","dateModified":"2021-11-26T10:23:05+00:00","description":"Im Rahmen des Weltdiabetes-Tages wurde nicht nur ein Gesundheitsmarkt mit Illumination bedeutender Monumente in D\u00fcsseldorf er\u00f6ffnet, sondern das Deutsche Diabetes-Zentrum diskutierte auch in einer Pressekonferenz mit dem Gesundheitsminister von NRW \u00fcber die Folgen und L\u00f6sungen zu den ansteigenden Diabetes-Zahlen.","breadcrumb":{"@id":"https:\/\/ddz.de\/en\/weltdiabetes-tag-2021-deutsches-diabetes-zentrum-fordert-die-politik-zum-handeln-auf\/#breadcrumb"},"inLanguage":"en-US","potentialAction":[{"@type":"ReadAction","target":["https:\/\/ddz.de\/en\/weltdiabetes-tag-2021-deutsches-diabetes-zentrum-fordert-die-politik-zum-handeln-auf\/"]}]},{"@type":"ImageObject","inLanguage":"en-US","@id":"https:\/\/ddz.de\/en\/weltdiabetes-tag-2021-deutsches-diabetes-zentrum-fordert-die-politik-zum-handeln-auf\/#primaryimage","url":"https:\/\/ddz.de\/wp-content\/uploads\/PK-Weltdiabetestag-12.11.2021_1-scaled.jpg","contentUrl":"https:\/\/ddz.de\/wp-content\/uploads\/PK-Weltdiabetestag-12.11.2021_1-scaled.jpg","width":2560,"height":1920,"caption":"(v.l.n.r)"},{"@type":"BreadcrumbList","@id":"https:\/\/ddz.de\/en\/weltdiabetes-tag-2021-deutsches-diabetes-zentrum-fordert-die-politik-zum-handeln-auf\/#breadcrumb","itemListElement":[{"@type":"ListItem","position":1,"name":"Startseite","item":"https:\/\/ddz.de\/en\/"},{"@type":"ListItem","position":2,"name":"Weltdiabetes-Tag 2021: Deutsches Diabetes-Zentrum fordert Politik zum Handeln auf"}]},{"@type":"WebSite","@id":"https:\/\/ddz.de\/en\/#website","url":"https:\/\/ddz.de\/en\/","name":"Deutsches Diabetes-Zentrum (DDZ)","description":"Diabetes erforschen - Menschen helfen","publisher":{"@id":"https:\/\/ddz.de\/en\/#organization"},"potentialAction":[{"@type":"SearchAction","target":{"@type":"EntryPoint","urlTemplate":"https:\/\/ddz.de\/en\/?s={search_term_string}"},"query-input":{"@type":"PropertyValueSpecification","valueRequired":true,"valueName":"search_term_string"}}],"inLanguage":"en-US"},{"@type":"Organization","@id":"https:\/\/ddz.de\/en\/#organization","name":"Deutsches Diabetes-Zentrum (DDZ)","url":"https:\/\/ddz.de\/en\/","logo":{"@type":"ImageObject","inLanguage":"en-US","@id":"https:\/\/ddz.de\/en\/#\/schema\/logo\/image\/","url":"https:\/\/ddz.de\/wp-content\/uploads\/ddz_logo_de.png","contentUrl":"https:\/\/ddz.de\/wp-content\/uploads\/ddz_logo_de.png","width":640,"height":226,"caption":"Deutsches Diabetes-Zentrum (DDZ)"},"image":{"@id":"https:\/\/ddz.de\/en\/#\/schema\/logo\/image\/"},"sameAs":["https:\/\/www.facebook.com\/diabetesinformationsdienst\/","https:\/\/x.com\/ddz_info","https:\/\/www.youtube.com\/channel\/UCNxwshEljrBJXPri-w9IiLg"]},{"@type":"Person","@id":"https:\/\/ddz.de\/en\/#\/schema\/person\/2c7dd3092a188f613114cc349501b2c7","name":"Susan J\u00f6rges","image":{"@type":"ImageObject","inLanguage":"en-US","@id":"https:\/\/secure.gravatar.com\/avatar\/214be17eb4c5d5fc7e8f068827d3e1b7d73004f7995b0db9712b7cb4fbcddf38?s=96&d=mm&r=g","url":"https:\/\/secure.gravatar.com\/avatar\/214be17eb4c5d5fc7e8f068827d3e1b7d73004f7995b0db9712b7cb4fbcddf38?s=96&d=mm&r=g","contentUrl":"https:\/\/secure.gravatar.com\/avatar\/214be17eb4c5d5fc7e8f068827d3e1b7d73004f7995b0db9712b7cb4fbcddf38?s=96&d=mm&r=g","caption":"Susan J\u00f6rges"}}]}},"_links":{"self":[{"href":"https:\/\/ddz.de\/en\/wp-json\/wp\/v2\/posts\/21881","targetHints":{"allow":["GET"]}}],"collection":[{"href":"https:\/\/ddz.de\/en\/wp-json\/wp\/v2\/posts"}],"about":[{"href":"https:\/\/ddz.de\/en\/wp-json\/wp\/v2\/types\/post"}],"author":[{"embeddable":true,"href":"https:\/\/ddz.de\/en\/wp-json\/wp\/v2\/users\/10"}],"replies":[{"embeddable":true,"href":"https:\/\/ddz.de\/en\/wp-json\/wp\/v2\/comments?post=21881"}],"version-history":[{"count":3,"href":"https:\/\/ddz.de\/en\/wp-json\/wp\/v2\/posts\/21881\/revisions"}],"predecessor-version":[{"id":21886,"href":"https:\/\/ddz.de\/en\/wp-json\/wp\/v2\/posts\/21881\/revisions\/21886"}],"wp:featuredmedia":[{"embeddable":true,"href":"https:\/\/ddz.de\/en\/wp-json\/wp\/v2\/media\/21883"}],"wp:attachment":[{"href":"https:\/\/ddz.de\/en\/wp-json\/wp\/v2\/media?parent=21881"}],"wp:term":[{"taxonomy":"category","embeddable":true,"href":"https:\/\/ddz.de\/en\/wp-json\/wp\/v2\/categories?post=21881"},{"taxonomy":"post_tag","embeddable":true,"href":"https:\/\/ddz.de\/en\/wp-json\/wp\/v2\/tags?post=21881"}],"curies":[{"name":"wp","href":"https:\/\/api.w.org\/{rel}","templated":true}]}}