{"id":20903,"date":"2020-09-10T09:40:23","date_gmt":"2020-09-10T08:40:23","guid":{"rendered":"https:\/\/ddz.de\/?p=20903"},"modified":"2020-09-18T11:34:58","modified_gmt":"2020-09-18T10:34:58","slug":"18-duesseldorfer-diabetes-tag-erstmals-im-live-stream","status":"publish","type":"post","link":"https:\/\/ddz.de\/en\/18-duesseldorfer-diabetes-tag-erstmals-im-live-stream\/","title":{"rendered":"18. D\u00fcsseldorfer Diabetes-Tag: Erstmals im Live-Stream"},"content":{"rendered":"\n<p><strong>Um die Gesundheit aller\nInteressierten und der Risikogruppen aufgrund der COVID-19-Pandemie zu\nsch\u00fctzen, wurde der D\u00fcsseldorfer Diabetes-Tag erstmals als digitale\nVeranstaltung durchgef\u00fchrt. Am Wochenende sollten \u00c4rzte, Wissenschaftler,\nFachkr\u00e4fte und Betroffene in der Handwerkskammer D\u00fcsseldorf interessierte\nBesucherinnen und Besucher \u00fcber die aktuellen Entwicklungen im Bereich der Diabetestechnologien\nund -forschung informieren. Nun stand die Veranstaltung im Zeichen der\nDigitalisierung und deckte ein breites Themenspektrum nicht nur f\u00fcr D\u00fcsseldorf,\nsondern auch f\u00fcr die vielen Interessierten aus ganz Deutschland ab.<\/strong><\/p>\n\n\n\n<p><strong>D\u00fcsseldorf (DDZ)<\/strong> \u2013 Ern\u00e4hrung und Bewegung, Therapieformen, Folgeerkrankungen sowie neue Entwicklungen beim\nDiabetes-Management und Insulinpumpen. Dies waren nur einige der Themenfelder,\ndie am 18. D\u00fcsseldorfer Diabetes-Tag vorgestellt und diskutiert wurden.\nAufgrund der aktuellen Lage fand das gesamte Event diesmal online auf <a href=\"http:\/\/www.duesseldorfer-diabetestag.de\">www.duesseldorfer-diabetestag.de<\/a> und \u00fcber einen Live-Stream statt. \u00dcber die Chatfunktion w\u00e4hrend des\nLive-Streams konnte das Publikum dennoch direkt Fragen an die Expertinnen und\nExperten richten.<\/p>\n\n\n\n<p>Der Oberb\u00fcrgermeister der Landeshauptstadt D\u00fcsseldorf,\nThomas Geisel, der zugleich Schirmherr des Diabetes-Tages ist, freute sich,\ndass die Veranstaltung durch die digitale Umstellung stattfinden konnte. \u201eDas\nThema Diabetes ist etwas, das viele Menschen ber\u00fchrt\u201c, sagte er. &#8220;Etwa 7\nMillionen Diabetikerinnen und Diabetiker gibt es in Deutschland und die Zahl\nwird mit gro\u00dfer Wahrscheinlichkeit wachsen \u2013 schon alleine deswegen, weil die\nLebenserwartung weiter steigt, was an sich sehr positiv ist. Deswegen ist es\nauch sehr wichtig, dass sich Menschen \u00fcber dieses Thema informieren k\u00f6nnen.\u201c<\/p>\n\n\n\n<p>Offiziell er\u00f6ffnet wurde die Veranstaltung wie jedes Jahr\ndurch Prof. Dr. Michael Roden, wissenschaftlicher Gesch\u00e4ftsf\u00fchrer und Vorstand\nam Deutschen Diabetes-Zentrum sowie Direktor der Klinik f\u00fcr Endokrinologie und Diabetologie\nam Universit\u00e4tsklinikum D\u00fcsseldorf. In seiner Er\u00f6ffnungsrede hob er besonders\ndas Anliegen des Informationstages hervor: \u201eDie Digitalisierung ver\u00e4ndert nicht\nnur die Art wie wir kommunizieren und arbeiten, sondern hat auch Einfluss auf\ndie Gesundheit und unseren Umgang damit\u201c, erkl\u00e4rt er. \u201eUm auch unter den\ngengew\u00e4rtigen Bedingungen, aktuelles Wissen und Betroffene und alle anderen\nInteressierten vermitteln und mit ihnen diskutieren zu k\u00f6nnen, bieten wir nun\nauch den D\u00fcsseldorfer Diabetes-Tag erstmalig digital an.\u201c<\/p>\n\n\n\n<p>Am Samstag fanden zwei Diskussionsrunden zu den Themen \u201eDiabetes &amp; Lebensstil\u201c und \u201ePumpe, CGM\/FGM &amp; Allergien\u201c im Live-Stream statt. Expertinnen und Experten aus der Forschung, Medizin und Diabetesberatung sowie Patientenvertreter standen \u00fcber 4 Stunden f\u00fcr Fragen der Zuschauerinnen und Zuschauer zur Verf\u00fcgung. So war trotz der Entfernung ein interaktiver Austausch m\u00f6glich. Insgesamt haben knapp 500 Zuschauerinnen und Zuschauer der Live-Diskussion gefolgt. <\/p>\n\n\n\n<p>Neben dem Live-Stream konnten sich Interessierte in mehr\nals 10 Videopr\u00e4sentationen \u00fcber aktuelle Entwicklungen und Technologien in der\nDiabetologie informieren oder einen der spannenden Erfahrungsberichte von\nMenschen mit Diabetes lesen. Alle digitalen <\/p>\n\n\n\n<figure class=\"wp-block-image size-large\"><img loading=\"lazy\" decoding=\"async\" width=\"1024\" height=\"768\" src=\"https:\/\/ddz.de\/wp-content\/uploads\/IMG_9438-1024x768.jpg\" alt=\"Fragen konnten \u00fcber Chat zugeschickt werden und wurden vom Moderator weitergegeben.\" class=\"wp-image-20904\" srcset=\"https:\/\/ddz.de\/wp-content\/uploads\/IMG_9438-1024x768.jpg 1024w, https:\/\/ddz.de\/wp-content\/uploads\/IMG_9438-300x225.jpg 300w, https:\/\/ddz.de\/wp-content\/uploads\/IMG_9438-768x576.jpg 768w, https:\/\/ddz.de\/wp-content\/uploads\/IMG_9438-1536x1152.jpg 1536w, https:\/\/ddz.de\/wp-content\/uploads\/IMG_9438-2048x1536.jpg 2048w\" sizes=\"auto, (max-width: 1024px) 100vw, 1024px\" \/><figcaption>Fragen konnten \u00fcber Chat zugeschickt werden und wurden vom Moderator weitergegeben.<\/figcaption><\/figure>\n\n\n\n<p>Informationsformate sowie der Mitschnitt des Live-Streams lassen\nsich noch bis Ende des Jahres kostenlos unter <a href=\"http:\/\/www.duesseldorfer-diabetestag.de\">www.duesseldorfer-diabetestag.de<\/a> abrufen. <\/p>\n\n\n\n<p>Die Organisatoren waren mit dem Ablauf des\nInformationstages und den R\u00fcckmeldungen der Besucherinnen und Besucher zufrieden.\nF\u00fcr kommende Pr\u00e4senzveranstaltungen wird erw\u00e4gt, einzelne Informationsformate\nwie Expertenrunden wom\u00f6glich erg\u00e4nzend digital anzubieten, damit auf diese\nWeise mehr Menschen von dem Wissen der Expertinnen und Experten profitieren\nk\u00f6nnen.<\/p>\n\n\n\n<p>Der n\u00e4chste D\u00fcsseldorfer Diabetes-Tag\nist f\u00fcr den 11. September 2021 geplant. Falls trotz der R\u00fcckmeldungen durch die\nExpertinnen und Experten Fragen offengeblieben sein sollten, k\u00f6nnen Betroffene\njederzeit die Service-Angebote des DDZ nutzen. Wissenswertes zum Thema Diabetes\nwird fortlaufend auf dem Diabetesinformationsdienst <a href=\"http:\/\/www.diabinfo.de\">www.diabinfo.de<\/a>\nvorgestellt. <\/p>\n\n\n\n<p>Der D\u00fcsseldorfer\nDiabetes-Tag wird gemeinsam vom DDZ, dem Regionalen Innovationsnetzwerk (RIN)\nDiabetes e.V., der Klinik f\u00fcr Endokrinologie und Diabetologie am\nUniversit\u00e4tsklinikum D\u00fcsseldorf, dem DDH-M Landesverband NRW e.V. sowie den\nNiedergelassenen D\u00fcsseldorfer Diabetologen und der D\u00fcsseldorfer Handwerkskammer\nausgerichtet. Auf der\nVeranstaltungsseite <a href=\"http:\/\/www.duesseldorfer-diabetestag.de\/\">http:\/\/www.duesseldorfer-diabetestag.de\/<\/a> oder den Social-Media-Kan\u00e4len finden\nsich weitere Informationen.<\/p>\n\n\n\n<p><a href=\"http:\/\/www.facebook.com\/duesseldorfer.diabetestag\/\">www.facebook.com\/duesseldorfer.diabetestag\/<\/a>; <a href=\"http:\/\/www.instagram.com\/duesseldorfer_diabetestag\/\">www.instagram.com\/duesseldorfer_diabetestag\/<\/a> <\/p>\n\n\n\n<figure class=\"wp-block-image size-large\"><img loading=\"lazy\" decoding=\"async\" width=\"1024\" height=\"768\" src=\"https:\/\/ddz.de\/wp-content\/uploads\/IMG_9471-1024x768.jpg\" alt=\"\" class=\"wp-image-20906\" srcset=\"https:\/\/ddz.de\/wp-content\/uploads\/IMG_9471-1024x768.jpg 1024w, https:\/\/ddz.de\/wp-content\/uploads\/IMG_9471-300x225.jpg 300w, https:\/\/ddz.de\/wp-content\/uploads\/IMG_9471-768x576.jpg 768w, https:\/\/ddz.de\/wp-content\/uploads\/IMG_9471-1536x1152.jpg 1536w, https:\/\/ddz.de\/wp-content\/uploads\/IMG_9471-2048x1536.jpg 2048w\" sizes=\"auto, (max-width: 1024px) 100vw, 1024px\" \/><\/figure>\n","protected":false},"excerpt":{"rendered":"<p>Um die Gesundheit aller Interessierten und der Risikogruppen aufgrund der COVID-19-Pandemie zu sch\u00fctzen, wurde der D\u00fcsseldorfer Diabetes-Tag erstmals als digitale Veranstaltung durchgef\u00fchrt. Am Wochenende sollten \u00c4rzte, Wissenschaftler, Fachkr\u00e4fte und Betroffene [&hellip;]<\/p>\n","protected":false},"author":10,"featured_media":20909,"comment_status":"closed","ping_status":"closed","sticky":false,"template":"","format":"standard","meta":{"_acf_changed":false,"_FSMCFIC_featured_image_caption":"","_FSMCFIC_featured_image_nocaption":"","_FSMCFIC_featured_image_hide":"","footnotes":""},"categories":[38],"tags":[],"class_list":["post-20903","post","type-post","status-publish","format-standard","has-post-thumbnail","hentry","category-pressemitteilungen"],"acf":{"attachments":false},"yoast_head":"<!-- This site is optimized with the Yoast SEO plugin v27.2 - https:\/\/yoast.com\/product\/yoast-seo-wordpress\/ -->\n<title>18. D\u00fcsseldorfer Diabetes-Tag: Erstmals im Live-Stream - Deutsches Diabetes-Zentrum (DDZ)<\/title>\n<meta name=\"description\" content=\"Um die Gesundheit aller Interessierten und der Risikogruppen aufgrund der COVID-19-Pandemie zu sch\u00fctzen, wurde der D\u00fcsseldorfer Diabetes-Tag erstmals als digitale Veranstaltung durchgef\u00fchrt.\" \/>\n<meta name=\"robots\" content=\"index, follow, max-snippet:-1, max-image-preview:large, max-video-preview:-1\" \/>\n<link rel=\"canonical\" href=\"https:\/\/ddz.de\/en\/18-duesseldorfer-diabetes-tag-erstmals-im-live-stream\/\" \/>\n<meta property=\"og:locale\" content=\"en_US\" \/>\n<meta property=\"og:type\" content=\"article\" \/>\n<meta property=\"og:title\" content=\"18. D\u00fcsseldorfer Diabetes-Tag: Erstmals im Live-Stream - Deutsches Diabetes-Zentrum (DDZ)\" \/>\n<meta property=\"og:description\" content=\"Um die Gesundheit aller Interessierten und der Risikogruppen aufgrund der COVID-19-Pandemie zu sch\u00fctzen, wurde der D\u00fcsseldorfer Diabetes-Tag erstmals als digitale Veranstaltung durchgef\u00fchrt.\" \/>\n<meta property=\"og:url\" content=\"https:\/\/ddz.de\/en\/18-duesseldorfer-diabetes-tag-erstmals-im-live-stream\/\" \/>\n<meta property=\"og:site_name\" content=\"Deutsches Diabetes-Zentrum (DDZ)\" \/>\n<meta property=\"article:publisher\" content=\"https:\/\/www.facebook.com\/diabetesinformationsdienst\/\" \/>\n<meta property=\"article:published_time\" content=\"2020-09-10T08:40:23+00:00\" \/>\n<meta property=\"article:modified_time\" content=\"2020-09-18T10:34:58+00:00\" \/>\n<meta property=\"og:image\" content=\"https:\/\/ddz.de\/wp-content\/uploads\/DDT_Social_Media_800x450_200630-1.jpg\" \/>\n\t<meta property=\"og:image:width\" content=\"800\" \/>\n\t<meta property=\"og:image:height\" content=\"450\" \/>\n\t<meta property=\"og:image:type\" content=\"image\/jpeg\" \/>\n<meta name=\"author\" content=\"Susan J\u00f6rges\" \/>\n<meta name=\"twitter:card\" content=\"summary_large_image\" \/>\n<meta name=\"twitter:creator\" content=\"@ddz_info\" \/>\n<meta name=\"twitter:site\" content=\"@ddz_info\" \/>\n<meta name=\"twitter:label1\" content=\"Written by\" \/>\n\t<meta name=\"twitter:data1\" content=\"Susan J\u00f6rges\" \/>\n\t<meta name=\"twitter:label2\" content=\"Est. reading time\" \/>\n\t<meta name=\"twitter:data2\" content=\"3 minutes\" \/>\n<script type=\"application\/ld+json\" class=\"yoast-schema-graph\">{\"@context\":\"https:\/\/schema.org\",\"@graph\":[{\"@type\":\"Article\",\"@id\":\"https:\/\/ddz.de\/en\/18-duesseldorfer-diabetes-tag-erstmals-im-live-stream\/#article\",\"isPartOf\":{\"@id\":\"https:\/\/ddz.de\/en\/18-duesseldorfer-diabetes-tag-erstmals-im-live-stream\/\"},\"author\":{\"name\":\"Susan J\u00f6rges\",\"@id\":\"https:\/\/ddz.de\/en\/#\/schema\/person\/2c7dd3092a188f613114cc349501b2c7\"},\"headline\":\"18. D\u00fcsseldorfer Diabetes-Tag: Erstmals im Live-Stream\",\"datePublished\":\"2020-09-10T08:40:23+00:00\",\"dateModified\":\"2020-09-18T10:34:58+00:00\",\"mainEntityOfPage\":{\"@id\":\"https:\/\/ddz.de\/en\/18-duesseldorfer-diabetes-tag-erstmals-im-live-stream\/\"},\"wordCount\":649,\"publisher\":{\"@id\":\"https:\/\/ddz.de\/en\/#organization\"},\"image\":{\"@id\":\"https:\/\/ddz.de\/en\/18-duesseldorfer-diabetes-tag-erstmals-im-live-stream\/#primaryimage\"},\"thumbnailUrl\":\"https:\/\/ddz.de\/wp-content\/uploads\/DDT_Social_Media_800x450_200630-1.jpg\",\"articleSection\":[\"Pressemitteilungen\"],\"inLanguage\":\"en-US\"},{\"@type\":\"WebPage\",\"@id\":\"https:\/\/ddz.de\/en\/18-duesseldorfer-diabetes-tag-erstmals-im-live-stream\/\",\"url\":\"https:\/\/ddz.de\/en\/18-duesseldorfer-diabetes-tag-erstmals-im-live-stream\/\",\"name\":\"18. D\u00fcsseldorfer Diabetes-Tag: Erstmals im Live-Stream - Deutsches Diabetes-Zentrum (DDZ)\",\"isPartOf\":{\"@id\":\"https:\/\/ddz.de\/en\/#website\"},\"primaryImageOfPage\":{\"@id\":\"https:\/\/ddz.de\/en\/18-duesseldorfer-diabetes-tag-erstmals-im-live-stream\/#primaryimage\"},\"image\":{\"@id\":\"https:\/\/ddz.de\/en\/18-duesseldorfer-diabetes-tag-erstmals-im-live-stream\/#primaryimage\"},\"thumbnailUrl\":\"https:\/\/ddz.de\/wp-content\/uploads\/DDT_Social_Media_800x450_200630-1.jpg\",\"datePublished\":\"2020-09-10T08:40:23+00:00\",\"dateModified\":\"2020-09-18T10:34:58+00:00\",\"description\":\"Um die Gesundheit aller Interessierten und der Risikogruppen aufgrund der COVID-19-Pandemie zu sch\u00fctzen, wurde der D\u00fcsseldorfer Diabetes-Tag erstmals als digitale Veranstaltung durchgef\u00fchrt.\",\"breadcrumb\":{\"@id\":\"https:\/\/ddz.de\/en\/18-duesseldorfer-diabetes-tag-erstmals-im-live-stream\/#breadcrumb\"},\"inLanguage\":\"en-US\",\"potentialAction\":[{\"@type\":\"ReadAction\",\"target\":[\"https:\/\/ddz.de\/en\/18-duesseldorfer-diabetes-tag-erstmals-im-live-stream\/\"]}]},{\"@type\":\"ImageObject\",\"inLanguage\":\"en-US\",\"@id\":\"https:\/\/ddz.de\/en\/18-duesseldorfer-diabetes-tag-erstmals-im-live-stream\/#primaryimage\",\"url\":\"https:\/\/ddz.de\/wp-content\/uploads\/DDT_Social_Media_800x450_200630-1.jpg\",\"contentUrl\":\"https:\/\/ddz.de\/wp-content\/uploads\/DDT_Social_Media_800x450_200630-1.jpg\",\"width\":800,\"height\":450,\"caption\":\"Logo des D\u00fcsseldorfer Diabetes-Tags mit dem Wort 'INTERAKTIV' darunter.\"},{\"@type\":\"BreadcrumbList\",\"@id\":\"https:\/\/ddz.de\/en\/18-duesseldorfer-diabetes-tag-erstmals-im-live-stream\/#breadcrumb\",\"itemListElement\":[{\"@type\":\"ListItem\",\"position\":1,\"name\":\"Startseite\",\"item\":\"https:\/\/ddz.de\/en\/\"},{\"@type\":\"ListItem\",\"position\":2,\"name\":\"18. D\u00fcsseldorfer Diabetes-Tag: Erstmals im Live-Stream\"}]},{\"@type\":\"WebSite\",\"@id\":\"https:\/\/ddz.de\/en\/#website\",\"url\":\"https:\/\/ddz.de\/en\/\",\"name\":\"Deutsches Diabetes-Zentrum (DDZ)\",\"description\":\"Diabetes erforschen - Menschen helfen\",\"publisher\":{\"@id\":\"https:\/\/ddz.de\/en\/#organization\"},\"potentialAction\":[{\"@type\":\"SearchAction\",\"target\":{\"@type\":\"EntryPoint\",\"urlTemplate\":\"https:\/\/ddz.de\/en\/?s={search_term_string}\"},\"query-input\":{\"@type\":\"PropertyValueSpecification\",\"valueRequired\":true,\"valueName\":\"search_term_string\"}}],\"inLanguage\":\"en-US\"},{\"@type\":\"Organization\",\"@id\":\"https:\/\/ddz.de\/en\/#organization\",\"name\":\"Deutsches Diabetes-Zentrum (DDZ)\",\"url\":\"https:\/\/ddz.de\/en\/\",\"logo\":{\"@type\":\"ImageObject\",\"inLanguage\":\"en-US\",\"@id\":\"https:\/\/ddz.de\/en\/#\/schema\/logo\/image\/\",\"url\":\"https:\/\/ddz.de\/wp-content\/uploads\/ddz_logo_de.png\",\"contentUrl\":\"https:\/\/ddz.de\/wp-content\/uploads\/ddz_logo_de.png\",\"width\":640,\"height\":226,\"caption\":\"Deutsches Diabetes-Zentrum (DDZ)\"},\"image\":{\"@id\":\"https:\/\/ddz.de\/en\/#\/schema\/logo\/image\/\"},\"sameAs\":[\"https:\/\/www.facebook.com\/diabetesinformationsdienst\/\",\"https:\/\/x.com\/ddz_info\",\"https:\/\/www.youtube.com\/channel\/UCNxwshEljrBJXPri-w9IiLg\"]},{\"@type\":\"Person\",\"@id\":\"https:\/\/ddz.de\/en\/#\/schema\/person\/2c7dd3092a188f613114cc349501b2c7\",\"name\":\"Susan J\u00f6rges\",\"image\":{\"@type\":\"ImageObject\",\"inLanguage\":\"en-US\",\"@id\":\"https:\/\/secure.gravatar.com\/avatar\/214be17eb4c5d5fc7e8f068827d3e1b7d73004f7995b0db9712b7cb4fbcddf38?s=96&d=mm&r=g\",\"url\":\"https:\/\/secure.gravatar.com\/avatar\/214be17eb4c5d5fc7e8f068827d3e1b7d73004f7995b0db9712b7cb4fbcddf38?s=96&d=mm&r=g\",\"contentUrl\":\"https:\/\/secure.gravatar.com\/avatar\/214be17eb4c5d5fc7e8f068827d3e1b7d73004f7995b0db9712b7cb4fbcddf38?s=96&d=mm&r=g\",\"caption\":\"Susan J\u00f6rges\"}}]}<\/script>\n<!-- \/ Yoast SEO plugin. -->","yoast_head_json":{"title":"18. D\u00fcsseldorfer Diabetes-Tag: Erstmals im Live-Stream - Deutsches Diabetes-Zentrum (DDZ)","description":"Um die Gesundheit aller Interessierten und der Risikogruppen aufgrund der COVID-19-Pandemie zu sch\u00fctzen, wurde der D\u00fcsseldorfer Diabetes-Tag erstmals als digitale Veranstaltung durchgef\u00fchrt.","robots":{"index":"index","follow":"follow","max-snippet":"max-snippet:-1","max-image-preview":"max-image-preview:large","max-video-preview":"max-video-preview:-1"},"canonical":"https:\/\/ddz.de\/en\/18-duesseldorfer-diabetes-tag-erstmals-im-live-stream\/","og_locale":"en_US","og_type":"article","og_title":"18. D\u00fcsseldorfer Diabetes-Tag: Erstmals im Live-Stream - Deutsches Diabetes-Zentrum (DDZ)","og_description":"Um die Gesundheit aller Interessierten und der Risikogruppen aufgrund der COVID-19-Pandemie zu sch\u00fctzen, wurde der D\u00fcsseldorfer Diabetes-Tag erstmals als digitale Veranstaltung durchgef\u00fchrt.","og_url":"https:\/\/ddz.de\/en\/18-duesseldorfer-diabetes-tag-erstmals-im-live-stream\/","og_site_name":"Deutsches Diabetes-Zentrum (DDZ)","article_publisher":"https:\/\/www.facebook.com\/diabetesinformationsdienst\/","article_published_time":"2020-09-10T08:40:23+00:00","article_modified_time":"2020-09-18T10:34:58+00:00","og_image":[{"width":800,"height":450,"url":"https:\/\/ddz.de\/wp-content\/uploads\/DDT_Social_Media_800x450_200630-1.jpg","type":"image\/jpeg"}],"author":"Susan J\u00f6rges","twitter_card":"summary_large_image","twitter_creator":"@ddz_info","twitter_site":"@ddz_info","twitter_misc":{"Written by":"Susan J\u00f6rges","Est. reading time":"3 minutes"},"schema":{"@context":"https:\/\/schema.org","@graph":[{"@type":"Article","@id":"https:\/\/ddz.de\/en\/18-duesseldorfer-diabetes-tag-erstmals-im-live-stream\/#article","isPartOf":{"@id":"https:\/\/ddz.de\/en\/18-duesseldorfer-diabetes-tag-erstmals-im-live-stream\/"},"author":{"name":"Susan J\u00f6rges","@id":"https:\/\/ddz.de\/en\/#\/schema\/person\/2c7dd3092a188f613114cc349501b2c7"},"headline":"18. D\u00fcsseldorfer Diabetes-Tag: Erstmals im Live-Stream","datePublished":"2020-09-10T08:40:23+00:00","dateModified":"2020-09-18T10:34:58+00:00","mainEntityOfPage":{"@id":"https:\/\/ddz.de\/en\/18-duesseldorfer-diabetes-tag-erstmals-im-live-stream\/"},"wordCount":649,"publisher":{"@id":"https:\/\/ddz.de\/en\/#organization"},"image":{"@id":"https:\/\/ddz.de\/en\/18-duesseldorfer-diabetes-tag-erstmals-im-live-stream\/#primaryimage"},"thumbnailUrl":"https:\/\/ddz.de\/wp-content\/uploads\/DDT_Social_Media_800x450_200630-1.jpg","articleSection":["Pressemitteilungen"],"inLanguage":"en-US"},{"@type":"WebPage","@id":"https:\/\/ddz.de\/en\/18-duesseldorfer-diabetes-tag-erstmals-im-live-stream\/","url":"https:\/\/ddz.de\/en\/18-duesseldorfer-diabetes-tag-erstmals-im-live-stream\/","name":"18. D\u00fcsseldorfer Diabetes-Tag: Erstmals im Live-Stream - Deutsches Diabetes-Zentrum (DDZ)","isPartOf":{"@id":"https:\/\/ddz.de\/en\/#website"},"primaryImageOfPage":{"@id":"https:\/\/ddz.de\/en\/18-duesseldorfer-diabetes-tag-erstmals-im-live-stream\/#primaryimage"},"image":{"@id":"https:\/\/ddz.de\/en\/18-duesseldorfer-diabetes-tag-erstmals-im-live-stream\/#primaryimage"},"thumbnailUrl":"https:\/\/ddz.de\/wp-content\/uploads\/DDT_Social_Media_800x450_200630-1.jpg","datePublished":"2020-09-10T08:40:23+00:00","dateModified":"2020-09-18T10:34:58+00:00","description":"Um die Gesundheit aller Interessierten und der Risikogruppen aufgrund der COVID-19-Pandemie zu sch\u00fctzen, wurde der D\u00fcsseldorfer Diabetes-Tag erstmals als digitale Veranstaltung durchgef\u00fchrt.","breadcrumb":{"@id":"https:\/\/ddz.de\/en\/18-duesseldorfer-diabetes-tag-erstmals-im-live-stream\/#breadcrumb"},"inLanguage":"en-US","potentialAction":[{"@type":"ReadAction","target":["https:\/\/ddz.de\/en\/18-duesseldorfer-diabetes-tag-erstmals-im-live-stream\/"]}]},{"@type":"ImageObject","inLanguage":"en-US","@id":"https:\/\/ddz.de\/en\/18-duesseldorfer-diabetes-tag-erstmals-im-live-stream\/#primaryimage","url":"https:\/\/ddz.de\/wp-content\/uploads\/DDT_Social_Media_800x450_200630-1.jpg","contentUrl":"https:\/\/ddz.de\/wp-content\/uploads\/DDT_Social_Media_800x450_200630-1.jpg","width":800,"height":450,"caption":"Logo des D\u00fcsseldorfer Diabetes-Tags mit dem Wort 'INTERAKTIV' darunter."},{"@type":"BreadcrumbList","@id":"https:\/\/ddz.de\/en\/18-duesseldorfer-diabetes-tag-erstmals-im-live-stream\/#breadcrumb","itemListElement":[{"@type":"ListItem","position":1,"name":"Startseite","item":"https:\/\/ddz.de\/en\/"},{"@type":"ListItem","position":2,"name":"18. D\u00fcsseldorfer Diabetes-Tag: Erstmals im Live-Stream"}]},{"@type":"WebSite","@id":"https:\/\/ddz.de\/en\/#website","url":"https:\/\/ddz.de\/en\/","name":"Deutsches Diabetes-Zentrum (DDZ)","description":"Diabetes erforschen - Menschen helfen","publisher":{"@id":"https:\/\/ddz.de\/en\/#organization"},"potentialAction":[{"@type":"SearchAction","target":{"@type":"EntryPoint","urlTemplate":"https:\/\/ddz.de\/en\/?s={search_term_string}"},"query-input":{"@type":"PropertyValueSpecification","valueRequired":true,"valueName":"search_term_string"}}],"inLanguage":"en-US"},{"@type":"Organization","@id":"https:\/\/ddz.de\/en\/#organization","name":"Deutsches Diabetes-Zentrum (DDZ)","url":"https:\/\/ddz.de\/en\/","logo":{"@type":"ImageObject","inLanguage":"en-US","@id":"https:\/\/ddz.de\/en\/#\/schema\/logo\/image\/","url":"https:\/\/ddz.de\/wp-content\/uploads\/ddz_logo_de.png","contentUrl":"https:\/\/ddz.de\/wp-content\/uploads\/ddz_logo_de.png","width":640,"height":226,"caption":"Deutsches Diabetes-Zentrum (DDZ)"},"image":{"@id":"https:\/\/ddz.de\/en\/#\/schema\/logo\/image\/"},"sameAs":["https:\/\/www.facebook.com\/diabetesinformationsdienst\/","https:\/\/x.com\/ddz_info","https:\/\/www.youtube.com\/channel\/UCNxwshEljrBJXPri-w9IiLg"]},{"@type":"Person","@id":"https:\/\/ddz.de\/en\/#\/schema\/person\/2c7dd3092a188f613114cc349501b2c7","name":"Susan J\u00f6rges","image":{"@type":"ImageObject","inLanguage":"en-US","@id":"https:\/\/secure.gravatar.com\/avatar\/214be17eb4c5d5fc7e8f068827d3e1b7d73004f7995b0db9712b7cb4fbcddf38?s=96&d=mm&r=g","url":"https:\/\/secure.gravatar.com\/avatar\/214be17eb4c5d5fc7e8f068827d3e1b7d73004f7995b0db9712b7cb4fbcddf38?s=96&d=mm&r=g","contentUrl":"https:\/\/secure.gravatar.com\/avatar\/214be17eb4c5d5fc7e8f068827d3e1b7d73004f7995b0db9712b7cb4fbcddf38?s=96&d=mm&r=g","caption":"Susan J\u00f6rges"}}]}},"_links":{"self":[{"href":"https:\/\/ddz.de\/en\/wp-json\/wp\/v2\/posts\/20903","targetHints":{"allow":["GET"]}}],"collection":[{"href":"https:\/\/ddz.de\/en\/wp-json\/wp\/v2\/posts"}],"about":[{"href":"https:\/\/ddz.de\/en\/wp-json\/wp\/v2\/types\/post"}],"author":[{"embeddable":true,"href":"https:\/\/ddz.de\/en\/wp-json\/wp\/v2\/users\/10"}],"replies":[{"embeddable":true,"href":"https:\/\/ddz.de\/en\/wp-json\/wp\/v2\/comments?post=20903"}],"version-history":[{"count":3,"href":"https:\/\/ddz.de\/en\/wp-json\/wp\/v2\/posts\/20903\/revisions"}],"predecessor-version":[{"id":20920,"href":"https:\/\/ddz.de\/en\/wp-json\/wp\/v2\/posts\/20903\/revisions\/20920"}],"wp:featuredmedia":[{"embeddable":true,"href":"https:\/\/ddz.de\/en\/wp-json\/wp\/v2\/media\/20909"}],"wp:attachment":[{"href":"https:\/\/ddz.de\/en\/wp-json\/wp\/v2\/media?parent=20903"}],"wp:term":[{"taxonomy":"category","embeddable":true,"href":"https:\/\/ddz.de\/en\/wp-json\/wp\/v2\/categories?post=20903"},{"taxonomy":"post_tag","embeddable":true,"href":"https:\/\/ddz.de\/en\/wp-json\/wp\/v2\/tags?post=20903"}],"curies":[{"name":"wp","href":"https:\/\/api.w.org\/{rel}","templated":true}]}}