{"id":19365,"date":"2019-11-07T10:43:52","date_gmt":"2019-11-07T09:43:52","guid":{"rendered":"https:\/\/2020.ddz.de\/diabetes-fruehzeitig-erkennen-informationsveranstaltung-am-ddz-zum-weltdiabetestag-2019\/"},"modified":"2019-12-05T16:58:58","modified_gmt":"2019-12-05T15:58:58","slug":"diabetes-fruehzeitig-erkennen-informationsveranstaltung-am-ddz-zum-weltdiabetestag-2019","status":"publish","type":"post","link":"https:\/\/ddz.de\/en\/diabetes-fruehzeitig-erkennen-informationsveranstaltung-am-ddz-zum-weltdiabetestag-2019\/","title":{"rendered":"Diabetes fr\u00fchzeitig erkennen: Informationsveranstaltung am DDZ zum Weltdiabetestag 2019"},"content":{"rendered":"<div class=\"wpb-content-wrapper\"><p>[vc_row][vc_column][vc_column_text]\u201eJedes Jahr werden etwa 600.000 Personen in Deutschland neu mit Diabetes diagnostiziert, was ungef\u00e4hr der Einwohnerzahl der Stadt D\u00fcsseldorf entspricht&#8221;, erkl\u00e4rt Prof. Dr. Michael Roden, Wissenschaftlicher Gesch\u00e4ftsf\u00fchrer und Vorstand des Deutschen Diabetes-Zentrums (DDZ). Insgesamt k\u00f6nnten 2040 bis zu 12 Millionen Menschen von Typ-2-Diabetes in Deutschland betroffen sein, prognostizieren Wissenschaftlerinnen und Wissenschaftler am DDZ und am Robert-Koch-Institut (RKI). Allein in D\u00fcsseldorf leiden rund 58.000 Menschen an der Volkskrankheit, und jedes Jahr kommen fast 5.000 dazu.<\/p>\n<p>Die Erkrankung kann erhebliche Folgen f\u00fcr das Leben der Betroffenen und deren Lebensqualit\u00e4t haben. Sie kann die ganze Familie betreffen und das Leben komplett ver\u00e4ndern. \u201eEs ist daher sehr wichtig, Diabetes rechtzeitig zu erkennen und ad\u00e4quat zu behandeln, um das Risiko f\u00fcr Folgeerkrankungen zu minimieren&#8221;, betont Prof. Roden, zudem Direktor der Klinik f\u00fcr Endokrinologie und Diabetologie am Universit\u00e4tsklinikum D\u00fcsseldorf. Aktuelle Studien liefern Hinweise auf eine neue Betrachtung der bekannten Diabetes-Klassifizierung in Hinblick auf den Verlauf der Erkrankung und der Entwicklung von Folgeerkrankungen. Ein Forscher-Team des DDZ sowie Partner des Deutschen Zentrums f\u00fcr Diabetesforschung (DZD) und der Universit\u00e4t Lund in Schweden haben verschiedene Cluster identifiziert, die eine Aufteilung des Diabetes in Sub-Typen erm\u00f6glichen. Zwei dieser Untergruppen weisen bereits fr\u00fchzeitig ein h\u00f6heres Risiko f\u00fcr Fettlebererkrankungen und Diabetes-bedingte Nervensch\u00e4digungen (Neuropathie) auf. Die Ergebnisse aus der Deutschen Diabetes-Studie werden am 13.11.2019 in einem Vortrag vorgestellt.<\/p>\n<p>Unter dem Motto \u201eDiabetes: Familie macht stark&#8221; l\u00e4dt das DDZ im Vorfeld des Weltdiabetestages zu einer Informationsveranstaltung am 13. November 2018 ein. Interessierte k\u00f6nnen bereits ab 14.00 Uhr im Studienzentrum einen kurzen Diabetes-Check machen und eventuell vorliegende Diabetes-bedingte Ver\u00e4nderungen am Auge bestimmen lassen. Der 5. Patiententag wird gemeinsam mit dem Regionalen Innovationsnetzwerk (RIN) Diabetes, der Klinik f\u00fcr Endokrinologie und Diabetologie am Universit\u00e4tsklinikum D\u00fcsseldorf und der Landeshauptstadt D\u00fcsseldorf ausgerichtet. Die Veranstaltung ist ohne Anmeldung m\u00f6glich, der Eintritt ist kostenlos und der Zugang ist barrierefrei. Das Programm finden Sie\u00a0<strong><a class=\"linkicon pdf\" href=\"http:\/\/ddz.de\/images\/com_ddzeventsdisplay\/DDZ_Weltdiabetestag_2019.pdf\" target=\"_blank\" rel=\"noopener\">HIER<\/a><\/strong>.[\/vc_column_text][\/vc_column][\/vc_row]<\/p>\n<\/div>","protected":false},"excerpt":{"rendered":"<p>[vc_row][vc_column][vc_column_text]\u201eJedes Jahr werden etwa 600.000 Personen in Deutschland neu mit Diabetes diagnostiziert, was ungef\u00e4hr der Einwohnerzahl der Stadt D\u00fcsseldorf entspricht&#8221;, erkl\u00e4rt Prof. Dr. Michael Roden, Wissenschaftlicher Gesch\u00e4ftsf\u00fchrer und Vorstand des [&hellip;]<\/p>\n","protected":false},"author":1,"featured_media":18988,"comment_status":"closed","ping_status":"closed","sticky":false,"template":"","format":"standard","meta":{"_acf_changed":false,"_FSMCFIC_featured_image_caption":"","_FSMCFIC_featured_image_nocaption":"","_FSMCFIC_featured_image_hide":"","footnotes":""},"categories":[191],"tags":[],"class_list":["post-19365","post","type-post","status-publish","format-standard","has-post-thumbnail","hentry","category-press-releases"],"acf":{"attachments":false},"yoast_head":"<!-- This site is optimized with the Yoast SEO plugin v27.2 - https:\/\/yoast.com\/product\/yoast-seo-wordpress\/ -->\n<title>Diabetes fr\u00fchzeitig erkennen: Informationsveranstaltung am DDZ zum Weltdiabetestag 2019 - Deutsches Diabetes-Zentrum (DDZ)<\/title>\n<meta name=\"description\" content=\"Wissen Sie, ob bei Ihren Familienangeh\u00f6rigen Risikofaktoren f\u00fcr Diabetes vorliegen? Wie l\u00e4sst sich Diabetes vorbeugen und fr\u00fchzeitig erkennen? Was k\u00f6nnen Sie tun, wenn Sie oder ein Familienmitglied neu an Diabetes erkrankt ist? Am Mittwoch, den 13. November 2019, erwartet Sie beim 5. Patiententag im Deutschen Diabetes-Zentrum (Auf&#039;m Hennekamp 65, 40225 D\u00fcsseldorf), von 14.00 \u2013 19.00 Uhr, ein abwechslungsreiches Programm. Testen Sie Ihr Diabetes-Risiko, lassen Sie Ihre Augen auf eventuelle Diabetes-bedingte Ver\u00e4nderungen \u00fcberpr\u00fcfen und erfahren Sie in Vortr\u00e4gen mehr \u00fcber Folgeerkrankungen, aktuelle Entwicklungen zur Behandlung und Forschung. Werden Sie aktiv und informieren Sie sich in Vorfeld des Weltdiabetestages!\" \/>\n<meta name=\"robots\" content=\"index, follow, max-snippet:-1, max-image-preview:large, max-video-preview:-1\" \/>\n<link rel=\"canonical\" href=\"https:\/\/ddz.de\/en\/diabetes-fruehzeitig-erkennen-informationsveranstaltung-am-ddz-zum-weltdiabetestag-2019\/\" \/>\n<meta property=\"og:locale\" content=\"en_US\" \/>\n<meta property=\"og:type\" content=\"article\" \/>\n<meta property=\"og:title\" content=\"Diabetes fr\u00fchzeitig erkennen: Informationsveranstaltung am DDZ zum Weltdiabetestag 2019 - Deutsches Diabetes-Zentrum (DDZ)\" \/>\n<meta property=\"og:description\" content=\"Wissen Sie, ob bei Ihren Familienangeh\u00f6rigen Risikofaktoren f\u00fcr Diabetes vorliegen? Wie l\u00e4sst sich Diabetes vorbeugen und fr\u00fchzeitig erkennen? Was k\u00f6nnen Sie tun, wenn Sie oder ein Familienmitglied neu an Diabetes erkrankt ist? Am Mittwoch, den 13. November 2019, erwartet Sie beim 5. Patiententag im Deutschen Diabetes-Zentrum (Auf&#039;m Hennekamp 65, 40225 D\u00fcsseldorf), von 14.00 \u2013 19.00 Uhr, ein abwechslungsreiches Programm. Testen Sie Ihr Diabetes-Risiko, lassen Sie Ihre Augen auf eventuelle Diabetes-bedingte Ver\u00e4nderungen \u00fcberpr\u00fcfen und erfahren Sie in Vortr\u00e4gen mehr \u00fcber Folgeerkrankungen, aktuelle Entwicklungen zur Behandlung und Forschung. Werden Sie aktiv und informieren Sie sich in Vorfeld des Weltdiabetestages!\" \/>\n<meta property=\"og:url\" content=\"https:\/\/ddz.de\/en\/diabetes-fruehzeitig-erkennen-informationsveranstaltung-am-ddz-zum-weltdiabetestag-2019\/\" \/>\n<meta property=\"og:site_name\" content=\"Deutsches Diabetes-Zentrum (DDZ)\" \/>\n<meta property=\"article:publisher\" content=\"https:\/\/www.facebook.com\/diabetesinformationsdienst\/\" \/>\n<meta property=\"article:published_time\" content=\"2019-11-07T09:43:52+00:00\" \/>\n<meta property=\"article:modified_time\" content=\"2019-12-05T15:58:58+00:00\" \/>\n<meta property=\"og:image\" content=\"https:\/\/ddz.de\/wp-content\/uploads\/DDZ_Twitter_191107.jpg\" \/>\n\t<meta property=\"og:image:width\" content=\"3334\" \/>\n\t<meta property=\"og:image:height\" content=\"1742\" \/>\n\t<meta property=\"og:image:type\" content=\"image\/jpeg\" \/>\n<meta name=\"author\" content=\"admin\" \/>\n<meta name=\"twitter:card\" content=\"summary_large_image\" \/>\n<meta name=\"twitter:creator\" content=\"@ddz_info\" \/>\n<meta name=\"twitter:site\" content=\"@ddz_info\" \/>\n<meta name=\"twitter:label1\" content=\"Written by\" \/>\n\t<meta name=\"twitter:data1\" content=\"admin\" \/>\n\t<meta name=\"twitter:label2\" content=\"Est. reading time\" \/>\n\t<meta name=\"twitter:data2\" content=\"2 minutes\" \/>\n<script type=\"application\/ld+json\" class=\"yoast-schema-graph\">{\"@context\":\"https:\/\/schema.org\",\"@graph\":[{\"@type\":\"Article\",\"@id\":\"https:\/\/ddz.de\/en\/diabetes-fruehzeitig-erkennen-informationsveranstaltung-am-ddz-zum-weltdiabetestag-2019\/#article\",\"isPartOf\":{\"@id\":\"https:\/\/ddz.de\/en\/diabetes-fruehzeitig-erkennen-informationsveranstaltung-am-ddz-zum-weltdiabetestag-2019\/\"},\"author\":{\"name\":\"admin\",\"@id\":\"https:\/\/ddz.de\/en\/#\/schema\/person\/b0c90a4361ac4e692ea73086e1c2656d\"},\"headline\":\"Diabetes fr\u00fchzeitig erkennen: Informationsveranstaltung am DDZ zum Weltdiabetestag 2019\",\"datePublished\":\"2019-11-07T09:43:52+00:00\",\"dateModified\":\"2019-12-05T15:58:58+00:00\",\"mainEntityOfPage\":{\"@id\":\"https:\/\/ddz.de\/en\/diabetes-fruehzeitig-erkennen-informationsveranstaltung-am-ddz-zum-weltdiabetestag-2019\/\"},\"wordCount\":347,\"publisher\":{\"@id\":\"https:\/\/ddz.de\/en\/#organization\"},\"image\":{\"@id\":\"https:\/\/ddz.de\/en\/diabetes-fruehzeitig-erkennen-informationsveranstaltung-am-ddz-zum-weltdiabetestag-2019\/#primaryimage\"},\"thumbnailUrl\":\"https:\/\/ddz.de\/wp-content\/uploads\/DDZ_Twitter_191107.jpg\",\"articleSection\":[\"Press Releases\"],\"inLanguage\":\"en-US\"},{\"@type\":\"WebPage\",\"@id\":\"https:\/\/ddz.de\/en\/diabetes-fruehzeitig-erkennen-informationsveranstaltung-am-ddz-zum-weltdiabetestag-2019\/\",\"url\":\"https:\/\/ddz.de\/en\/diabetes-fruehzeitig-erkennen-informationsveranstaltung-am-ddz-zum-weltdiabetestag-2019\/\",\"name\":\"Diabetes fr\u00fchzeitig erkennen: Informationsveranstaltung am DDZ zum Weltdiabetestag 2019 - Deutsches Diabetes-Zentrum (DDZ)\",\"isPartOf\":{\"@id\":\"https:\/\/ddz.de\/en\/#website\"},\"primaryImageOfPage\":{\"@id\":\"https:\/\/ddz.de\/en\/diabetes-fruehzeitig-erkennen-informationsveranstaltung-am-ddz-zum-weltdiabetestag-2019\/#primaryimage\"},\"image\":{\"@id\":\"https:\/\/ddz.de\/en\/diabetes-fruehzeitig-erkennen-informationsveranstaltung-am-ddz-zum-weltdiabetestag-2019\/#primaryimage\"},\"thumbnailUrl\":\"https:\/\/ddz.de\/wp-content\/uploads\/DDZ_Twitter_191107.jpg\",\"datePublished\":\"2019-11-07T09:43:52+00:00\",\"dateModified\":\"2019-12-05T15:58:58+00:00\",\"description\":\"Wissen Sie, ob bei Ihren Familienangeh\u00f6rigen Risikofaktoren f\u00fcr Diabetes vorliegen? Wie l\u00e4sst sich Diabetes vorbeugen und fr\u00fchzeitig erkennen? Was k\u00f6nnen Sie tun, wenn Sie oder ein Familienmitglied neu an Diabetes erkrankt ist? Am Mittwoch, den 13. November 2019, erwartet Sie beim 5. Patiententag im Deutschen Diabetes-Zentrum (Auf'm Hennekamp 65, 40225 D\u00fcsseldorf), von 14.00 \u2013 19.00 Uhr, ein abwechslungsreiches Programm. Testen Sie Ihr Diabetes-Risiko, lassen Sie Ihre Augen auf eventuelle Diabetes-bedingte Ver\u00e4nderungen \u00fcberpr\u00fcfen und erfahren Sie in Vortr\u00e4gen mehr \u00fcber Folgeerkrankungen, aktuelle Entwicklungen zur Behandlung und Forschung. Werden Sie aktiv und informieren Sie sich in Vorfeld des Weltdiabetestages!\",\"breadcrumb\":{\"@id\":\"https:\/\/ddz.de\/en\/diabetes-fruehzeitig-erkennen-informationsveranstaltung-am-ddz-zum-weltdiabetestag-2019\/#breadcrumb\"},\"inLanguage\":\"en-US\",\"potentialAction\":[{\"@type\":\"ReadAction\",\"target\":[\"https:\/\/ddz.de\/en\/diabetes-fruehzeitig-erkennen-informationsveranstaltung-am-ddz-zum-weltdiabetestag-2019\/\"]}]},{\"@type\":\"ImageObject\",\"inLanguage\":\"en-US\",\"@id\":\"https:\/\/ddz.de\/en\/diabetes-fruehzeitig-erkennen-informationsveranstaltung-am-ddz-zum-weltdiabetestag-2019\/#primaryimage\",\"url\":\"https:\/\/ddz.de\/wp-content\/uploads\/DDZ_Twitter_191107.jpg\",\"contentUrl\":\"https:\/\/ddz.de\/wp-content\/uploads\/DDZ_Twitter_191107.jpg\",\"width\":3334,\"height\":1742,\"caption\":\"Informationsveranstaltung am DDZ\"},{\"@type\":\"BreadcrumbList\",\"@id\":\"https:\/\/ddz.de\/en\/diabetes-fruehzeitig-erkennen-informationsveranstaltung-am-ddz-zum-weltdiabetestag-2019\/#breadcrumb\",\"itemListElement\":[{\"@type\":\"ListItem\",\"position\":1,\"name\":\"Startseite\",\"item\":\"https:\/\/ddz.de\/en\/\"},{\"@type\":\"ListItem\",\"position\":2,\"name\":\"Diabetes fr\u00fchzeitig erkennen: Informationsveranstaltung am DDZ zum Weltdiabetestag 2019\"}]},{\"@type\":\"WebSite\",\"@id\":\"https:\/\/ddz.de\/en\/#website\",\"url\":\"https:\/\/ddz.de\/en\/\",\"name\":\"Deutsches Diabetes-Zentrum (DDZ)\",\"description\":\"Diabetes erforschen - Menschen helfen\",\"publisher\":{\"@id\":\"https:\/\/ddz.de\/en\/#organization\"},\"potentialAction\":[{\"@type\":\"SearchAction\",\"target\":{\"@type\":\"EntryPoint\",\"urlTemplate\":\"https:\/\/ddz.de\/en\/?s={search_term_string}\"},\"query-input\":{\"@type\":\"PropertyValueSpecification\",\"valueRequired\":true,\"valueName\":\"search_term_string\"}}],\"inLanguage\":\"en-US\"},{\"@type\":\"Organization\",\"@id\":\"https:\/\/ddz.de\/en\/#organization\",\"name\":\"Deutsches Diabetes-Zentrum (DDZ)\",\"url\":\"https:\/\/ddz.de\/en\/\",\"logo\":{\"@type\":\"ImageObject\",\"inLanguage\":\"en-US\",\"@id\":\"https:\/\/ddz.de\/en\/#\/schema\/logo\/image\/\",\"url\":\"https:\/\/ddz.de\/wp-content\/uploads\/ddz_logo_de.png\",\"contentUrl\":\"https:\/\/ddz.de\/wp-content\/uploads\/ddz_logo_de.png\",\"width\":640,\"height\":226,\"caption\":\"Deutsches Diabetes-Zentrum (DDZ)\"},\"image\":{\"@id\":\"https:\/\/ddz.de\/en\/#\/schema\/logo\/image\/\"},\"sameAs\":[\"https:\/\/www.facebook.com\/diabetesinformationsdienst\/\",\"https:\/\/x.com\/ddz_info\",\"https:\/\/www.youtube.com\/channel\/UCNxwshEljrBJXPri-w9IiLg\"]},{\"@type\":\"Person\",\"@id\":\"https:\/\/ddz.de\/en\/#\/schema\/person\/b0c90a4361ac4e692ea73086e1c2656d\",\"name\":\"admin\",\"image\":{\"@type\":\"ImageObject\",\"inLanguage\":\"en-US\",\"@id\":\"https:\/\/secure.gravatar.com\/avatar\/6ecc878db5649b53fda11f292c9607d383ab88185d28bec22bda2f12dbce1ddc?s=96&d=mm&r=g\",\"url\":\"https:\/\/secure.gravatar.com\/avatar\/6ecc878db5649b53fda11f292c9607d383ab88185d28bec22bda2f12dbce1ddc?s=96&d=mm&r=g\",\"contentUrl\":\"https:\/\/secure.gravatar.com\/avatar\/6ecc878db5649b53fda11f292c9607d383ab88185d28bec22bda2f12dbce1ddc?s=96&d=mm&r=g\",\"caption\":\"admin\"}}]}<\/script>\n<!-- \/ Yoast SEO plugin. -->","yoast_head_json":{"title":"Diabetes fr\u00fchzeitig erkennen: Informationsveranstaltung am DDZ zum Weltdiabetestag 2019 - Deutsches Diabetes-Zentrum (DDZ)","description":"Wissen Sie, ob bei Ihren Familienangeh\u00f6rigen Risikofaktoren f\u00fcr Diabetes vorliegen? Wie l\u00e4sst sich Diabetes vorbeugen und fr\u00fchzeitig erkennen? Was k\u00f6nnen Sie tun, wenn Sie oder ein Familienmitglied neu an Diabetes erkrankt ist? Am Mittwoch, den 13. November 2019, erwartet Sie beim 5. Patiententag im Deutschen Diabetes-Zentrum (Auf'm Hennekamp 65, 40225 D\u00fcsseldorf), von 14.00 \u2013 19.00 Uhr, ein abwechslungsreiches Programm. Testen Sie Ihr Diabetes-Risiko, lassen Sie Ihre Augen auf eventuelle Diabetes-bedingte Ver\u00e4nderungen \u00fcberpr\u00fcfen und erfahren Sie in Vortr\u00e4gen mehr \u00fcber Folgeerkrankungen, aktuelle Entwicklungen zur Behandlung und Forschung. Werden Sie aktiv und informieren Sie sich in Vorfeld des Weltdiabetestages!","robots":{"index":"index","follow":"follow","max-snippet":"max-snippet:-1","max-image-preview":"max-image-preview:large","max-video-preview":"max-video-preview:-1"},"canonical":"https:\/\/ddz.de\/en\/diabetes-fruehzeitig-erkennen-informationsveranstaltung-am-ddz-zum-weltdiabetestag-2019\/","og_locale":"en_US","og_type":"article","og_title":"Diabetes fr\u00fchzeitig erkennen: Informationsveranstaltung am DDZ zum Weltdiabetestag 2019 - Deutsches Diabetes-Zentrum (DDZ)","og_description":"Wissen Sie, ob bei Ihren Familienangeh\u00f6rigen Risikofaktoren f\u00fcr Diabetes vorliegen? Wie l\u00e4sst sich Diabetes vorbeugen und fr\u00fchzeitig erkennen? Was k\u00f6nnen Sie tun, wenn Sie oder ein Familienmitglied neu an Diabetes erkrankt ist? Am Mittwoch, den 13. November 2019, erwartet Sie beim 5. Patiententag im Deutschen Diabetes-Zentrum (Auf'm Hennekamp 65, 40225 D\u00fcsseldorf), von 14.00 \u2013 19.00 Uhr, ein abwechslungsreiches Programm. Testen Sie Ihr Diabetes-Risiko, lassen Sie Ihre Augen auf eventuelle Diabetes-bedingte Ver\u00e4nderungen \u00fcberpr\u00fcfen und erfahren Sie in Vortr\u00e4gen mehr \u00fcber Folgeerkrankungen, aktuelle Entwicklungen zur Behandlung und Forschung. Werden Sie aktiv und informieren Sie sich in Vorfeld des Weltdiabetestages!","og_url":"https:\/\/ddz.de\/en\/diabetes-fruehzeitig-erkennen-informationsveranstaltung-am-ddz-zum-weltdiabetestag-2019\/","og_site_name":"Deutsches Diabetes-Zentrum (DDZ)","article_publisher":"https:\/\/www.facebook.com\/diabetesinformationsdienst\/","article_published_time":"2019-11-07T09:43:52+00:00","article_modified_time":"2019-12-05T15:58:58+00:00","og_image":[{"width":3334,"height":1742,"url":"https:\/\/ddz.de\/wp-content\/uploads\/DDZ_Twitter_191107.jpg","type":"image\/jpeg"}],"author":"admin","twitter_card":"summary_large_image","twitter_creator":"@ddz_info","twitter_site":"@ddz_info","twitter_misc":{"Written by":"admin","Est. reading time":"2 minutes"},"schema":{"@context":"https:\/\/schema.org","@graph":[{"@type":"Article","@id":"https:\/\/ddz.de\/en\/diabetes-fruehzeitig-erkennen-informationsveranstaltung-am-ddz-zum-weltdiabetestag-2019\/#article","isPartOf":{"@id":"https:\/\/ddz.de\/en\/diabetes-fruehzeitig-erkennen-informationsveranstaltung-am-ddz-zum-weltdiabetestag-2019\/"},"author":{"name":"admin","@id":"https:\/\/ddz.de\/en\/#\/schema\/person\/b0c90a4361ac4e692ea73086e1c2656d"},"headline":"Diabetes fr\u00fchzeitig erkennen: Informationsveranstaltung am DDZ zum Weltdiabetestag 2019","datePublished":"2019-11-07T09:43:52+00:00","dateModified":"2019-12-05T15:58:58+00:00","mainEntityOfPage":{"@id":"https:\/\/ddz.de\/en\/diabetes-fruehzeitig-erkennen-informationsveranstaltung-am-ddz-zum-weltdiabetestag-2019\/"},"wordCount":347,"publisher":{"@id":"https:\/\/ddz.de\/en\/#organization"},"image":{"@id":"https:\/\/ddz.de\/en\/diabetes-fruehzeitig-erkennen-informationsveranstaltung-am-ddz-zum-weltdiabetestag-2019\/#primaryimage"},"thumbnailUrl":"https:\/\/ddz.de\/wp-content\/uploads\/DDZ_Twitter_191107.jpg","articleSection":["Press Releases"],"inLanguage":"en-US"},{"@type":"WebPage","@id":"https:\/\/ddz.de\/en\/diabetes-fruehzeitig-erkennen-informationsveranstaltung-am-ddz-zum-weltdiabetestag-2019\/","url":"https:\/\/ddz.de\/en\/diabetes-fruehzeitig-erkennen-informationsveranstaltung-am-ddz-zum-weltdiabetestag-2019\/","name":"Diabetes fr\u00fchzeitig erkennen: Informationsveranstaltung am DDZ zum Weltdiabetestag 2019 - Deutsches Diabetes-Zentrum (DDZ)","isPartOf":{"@id":"https:\/\/ddz.de\/en\/#website"},"primaryImageOfPage":{"@id":"https:\/\/ddz.de\/en\/diabetes-fruehzeitig-erkennen-informationsveranstaltung-am-ddz-zum-weltdiabetestag-2019\/#primaryimage"},"image":{"@id":"https:\/\/ddz.de\/en\/diabetes-fruehzeitig-erkennen-informationsveranstaltung-am-ddz-zum-weltdiabetestag-2019\/#primaryimage"},"thumbnailUrl":"https:\/\/ddz.de\/wp-content\/uploads\/DDZ_Twitter_191107.jpg","datePublished":"2019-11-07T09:43:52+00:00","dateModified":"2019-12-05T15:58:58+00:00","description":"Wissen Sie, ob bei Ihren Familienangeh\u00f6rigen Risikofaktoren f\u00fcr Diabetes vorliegen? Wie l\u00e4sst sich Diabetes vorbeugen und fr\u00fchzeitig erkennen? Was k\u00f6nnen Sie tun, wenn Sie oder ein Familienmitglied neu an Diabetes erkrankt ist? Am Mittwoch, den 13. November 2019, erwartet Sie beim 5. Patiententag im Deutschen Diabetes-Zentrum (Auf'm Hennekamp 65, 40225 D\u00fcsseldorf), von 14.00 \u2013 19.00 Uhr, ein abwechslungsreiches Programm. Testen Sie Ihr Diabetes-Risiko, lassen Sie Ihre Augen auf eventuelle Diabetes-bedingte Ver\u00e4nderungen \u00fcberpr\u00fcfen und erfahren Sie in Vortr\u00e4gen mehr \u00fcber Folgeerkrankungen, aktuelle Entwicklungen zur Behandlung und Forschung. Werden Sie aktiv und informieren Sie sich in Vorfeld des Weltdiabetestages!","breadcrumb":{"@id":"https:\/\/ddz.de\/en\/diabetes-fruehzeitig-erkennen-informationsveranstaltung-am-ddz-zum-weltdiabetestag-2019\/#breadcrumb"},"inLanguage":"en-US","potentialAction":[{"@type":"ReadAction","target":["https:\/\/ddz.de\/en\/diabetes-fruehzeitig-erkennen-informationsveranstaltung-am-ddz-zum-weltdiabetestag-2019\/"]}]},{"@type":"ImageObject","inLanguage":"en-US","@id":"https:\/\/ddz.de\/en\/diabetes-fruehzeitig-erkennen-informationsveranstaltung-am-ddz-zum-weltdiabetestag-2019\/#primaryimage","url":"https:\/\/ddz.de\/wp-content\/uploads\/DDZ_Twitter_191107.jpg","contentUrl":"https:\/\/ddz.de\/wp-content\/uploads\/DDZ_Twitter_191107.jpg","width":3334,"height":1742,"caption":"Informationsveranstaltung am DDZ"},{"@type":"BreadcrumbList","@id":"https:\/\/ddz.de\/en\/diabetes-fruehzeitig-erkennen-informationsveranstaltung-am-ddz-zum-weltdiabetestag-2019\/#breadcrumb","itemListElement":[{"@type":"ListItem","position":1,"name":"Startseite","item":"https:\/\/ddz.de\/en\/"},{"@type":"ListItem","position":2,"name":"Diabetes fr\u00fchzeitig erkennen: Informationsveranstaltung am DDZ zum Weltdiabetestag 2019"}]},{"@type":"WebSite","@id":"https:\/\/ddz.de\/en\/#website","url":"https:\/\/ddz.de\/en\/","name":"Deutsches Diabetes-Zentrum (DDZ)","description":"Diabetes erforschen - Menschen helfen","publisher":{"@id":"https:\/\/ddz.de\/en\/#organization"},"potentialAction":[{"@type":"SearchAction","target":{"@type":"EntryPoint","urlTemplate":"https:\/\/ddz.de\/en\/?s={search_term_string}"},"query-input":{"@type":"PropertyValueSpecification","valueRequired":true,"valueName":"search_term_string"}}],"inLanguage":"en-US"},{"@type":"Organization","@id":"https:\/\/ddz.de\/en\/#organization","name":"Deutsches Diabetes-Zentrum (DDZ)","url":"https:\/\/ddz.de\/en\/","logo":{"@type":"ImageObject","inLanguage":"en-US","@id":"https:\/\/ddz.de\/en\/#\/schema\/logo\/image\/","url":"https:\/\/ddz.de\/wp-content\/uploads\/ddz_logo_de.png","contentUrl":"https:\/\/ddz.de\/wp-content\/uploads\/ddz_logo_de.png","width":640,"height":226,"caption":"Deutsches Diabetes-Zentrum (DDZ)"},"image":{"@id":"https:\/\/ddz.de\/en\/#\/schema\/logo\/image\/"},"sameAs":["https:\/\/www.facebook.com\/diabetesinformationsdienst\/","https:\/\/x.com\/ddz_info","https:\/\/www.youtube.com\/channel\/UCNxwshEljrBJXPri-w9IiLg"]},{"@type":"Person","@id":"https:\/\/ddz.de\/en\/#\/schema\/person\/b0c90a4361ac4e692ea73086e1c2656d","name":"admin","image":{"@type":"ImageObject","inLanguage":"en-US","@id":"https:\/\/secure.gravatar.com\/avatar\/6ecc878db5649b53fda11f292c9607d383ab88185d28bec22bda2f12dbce1ddc?s=96&d=mm&r=g","url":"https:\/\/secure.gravatar.com\/avatar\/6ecc878db5649b53fda11f292c9607d383ab88185d28bec22bda2f12dbce1ddc?s=96&d=mm&r=g","contentUrl":"https:\/\/secure.gravatar.com\/avatar\/6ecc878db5649b53fda11f292c9607d383ab88185d28bec22bda2f12dbce1ddc?s=96&d=mm&r=g","caption":"admin"}}]}},"_links":{"self":[{"href":"https:\/\/ddz.de\/en\/wp-json\/wp\/v2\/posts\/19365","targetHints":{"allow":["GET"]}}],"collection":[{"href":"https:\/\/ddz.de\/en\/wp-json\/wp\/v2\/posts"}],"about":[{"href":"https:\/\/ddz.de\/en\/wp-json\/wp\/v2\/types\/post"}],"author":[{"embeddable":true,"href":"https:\/\/ddz.de\/en\/wp-json\/wp\/v2\/users\/1"}],"replies":[{"embeddable":true,"href":"https:\/\/ddz.de\/en\/wp-json\/wp\/v2\/comments?post=19365"}],"version-history":[{"count":1,"href":"https:\/\/ddz.de\/en\/wp-json\/wp\/v2\/posts\/19365\/revisions"}],"predecessor-version":[{"id":19366,"href":"https:\/\/ddz.de\/en\/wp-json\/wp\/v2\/posts\/19365\/revisions\/19366"}],"wp:featuredmedia":[{"embeddable":true,"href":"https:\/\/ddz.de\/en\/wp-json\/wp\/v2\/media\/18988"}],"wp:attachment":[{"href":"https:\/\/ddz.de\/en\/wp-json\/wp\/v2\/media?parent=19365"}],"wp:term":[{"taxonomy":"category","embeddable":true,"href":"https:\/\/ddz.de\/en\/wp-json\/wp\/v2\/categories?post=19365"},{"taxonomy":"post_tag","embeddable":true,"href":"https:\/\/ddz.de\/en\/wp-json\/wp\/v2\/tags?post=19365"}],"curies":[{"name":"wp","href":"https:\/\/api.w.org\/{rel}","templated":true}]}}