{"id":17393,"date":"2017-05-24T10:22:16","date_gmt":"2017-05-24T09:22:16","guid":{"rendered":"https:\/\/2020.ddz.de\/?p=17393"},"modified":"2019-10-14T15:27:41","modified_gmt":"2019-10-14T14:27:41","slug":"grundschueler-entdecken-im-botanischen-garten-bananen-und-tomaten-wachsen-nicht-im-supermarkt","status":"publish","type":"post","link":"https:\/\/ddz.de\/en\/grundschueler-entdecken-im-botanischen-garten-bananen-und-tomaten-wachsen-nicht-im-supermarkt\/","title":{"rendered":"Grundsch\u00fcler entdecken im Botanischen Garten: Bananen und Tomaten wachsen nicht im Supermarkt"},"content":{"rendered":"<div class=\"wpb-content-wrapper\"><p>[vc_row][vc_column][vc_column_text]<em>SMS Projektkinder\u00a0der GGS Am K\u00f6hnen mit\u00a0<\/em><em>Prof. Karsten M\u00fcssig (Initiator des Projekts SMS, Deutsches Diabetes-Zentrum), Brigitte Flach (Vorsitzende des Freundeskreises Botanischer Garten der Heinrich-Heine-Universit\u00e4t D\u00fcsseldorf e.V),\u00a0Dr. Olaf Sp\u00f6rkel (Leiter\u00a0Nationales Diabetes-Informationszentrum\/ RIN Diabetes) und Biologe Dr. Joachim Busch.<\/em><\/p>\n<p>Tomaten, S\u00fcsskartoffeln, Paprika: Die drei Nachtschattengew\u00e4chse stammen urspr\u00fcnglich aus Mittel- und S\u00fcdamerika. Heutzutage k\u00f6nnen sie jedoch je nach Sorte in Deutschland angebaut und geerntet werden. Die Grundsch\u00fcler der Initiative \u201eSMS. Sei schlau. Mach mit. Sei fit.&#8221; des Deutschen Diabetes-Zentrums staunten und stellten bei einer F\u00fchrung durch den Botanischen Garten der Heinrich-Heine-Universit\u00e4t D\u00fcsseldorf viele Fragen. Biologe Dr. Joachim Busch f\u00fchrte die Kinder von Gew\u00e4chsen zu B\u00e4umen und Beeten und erl\u00e4uterte, wie die einzelnen Pflanzen angebaut werden und welchen Ursprung diese haben.<\/p>\n<p><strong>D\u00fcsseldorf (DDZ)<\/strong>\u00a0\u2013 Bei der Besichtigung lernten die Kinder: Bananen sind Staudengew\u00e4chse und wachsen nicht auf B\u00e4umen. \u00dcber den Eukalyptus-Baum, die Insekten-Ampel bei Kastanienb\u00e4umen und die Ernte von Zuckererbsen im Herbst: Die Grundsch\u00fclerinnen und -sch\u00fcler der GGS Am K\u00f6hnen schmeckten und tasteten sich w\u00e4hrend der Besichtigung durch die Welt der Nutzpflanzen. \u201eViele Kinder wissen heutzutage nicht mehr, woher unser reichhaltiges Angebot an Obst und Gem\u00fcse in den Superm\u00e4rkten stammt&#8221;, berichtete Projektleiter Prof. Dr. Karsten M\u00fcssig. Brigitte Flach, Vorsitzende des Freundeskreises Botanischer Garten der Heinrich-Heine-Universit\u00e4t D\u00fcsseldorf e.V., begr\u00fcndete ihr Engagement f\u00fcr das Projekt der Initiative \u201eSMS. Sei schlau. Mach mit. Sei fit.&#8221; des Deutschen Diabetes-Zentrums: \u201eWir wollen den Kindern mit dieser Aktion vermitteln, wie spannend und vielf\u00e4ltig die Welt der Pflanzen und Tiere im Garten ist und ein Interesse daf\u00fcr wecken&#8221;.<\/p>\n<p>Die von Prof. Dr. Karsten M\u00fcssig geleitete Initiative \u201eSMS. Sei schlau. Mach mit. Sei fit.&#8221; an D\u00fcsseldorfer Grundschulen m\u00f6chte \u00dcbergewicht und anderen Lebensstil-bedingten Erkrankungen im Kindes- und Jugendalter entgegenwirken. Die teilnehmenden Kinder absolvieren den aid-Ern\u00e4hrungsf\u00fchrerschein in Kooperation mit dem Bildungszentrum f\u00fcr Di\u00e4tassistenz der Kaiserswerther Diakonie und das von der Sportwissenschaftlerin Prof. Dr. Kerstin Ketelhut f\u00fcr Grundschulen entwickelte Bewegungsprogramm \u201eFitness f\u00fcr Kids&#8221;. Zus\u00e4tzlich erleben die Sch\u00fclerinnen und Sch\u00fcler in dem Sinnesklassenzimmer des Weiterbildungsganges Motop\u00e4die der Pr\u00e4ha Weber-Schule die Wahrnehmung ihres eigenen K\u00f6rpers und ihnen werden in Kooperation mit der Initiative \u201eDie bewegte Schulpause&#8221; der Dietrich Gr\u00f6nemeyer Stiftung und dem Unternehmen Deichmann Entspannungs\u00fcbungen vermittelt. Die beiden Krankenkassen IKK classic und KKH, diabetesDE &#8211; Deutsche Diabetes-Hilfe, das Sportamt D\u00fcsseldorf sowie weitere namhafte Partner und Pers\u00f6nlichkeiten unterst\u00fctzen die Initiative und erm\u00f6glichen den teilnehmenden Sch\u00fclern weitere attraktive au\u00dferschulische Lernorte. Schirmherr ist Thomas Geisel, Oberb\u00fcrgermeister der Landeshauptstadt D\u00fcsseldorf. Die SMS-Initiative wurde 2015 mit dem Unterst\u00fctzerlogo von IN FORM \u2013 Deutschlands Initiative f\u00fcr gesunde Ern\u00e4hrung und mehr Bewegung, und 2016 mit dem GUT DRAUF-Label der Bundeszentrale f\u00fcr gesundheitliche Aufkl\u00e4rung (BZgA) ausgezeichnet.<\/p>\n<p>Weitere Informationen zu der Initiative und zum Botanischen Garten erhalten Sie unter:\u00a0<a href=\"http:\/\/www.sms-mach-mit.de\/\">www.sms-mach-mit.de<\/a>\u00a0und unter:\u00a0<a href=\"http:\/\/www.botanischergarten.hhu.de\/freundeskreis\">www.botanischergarten.hhu.de\/freundeskreis<\/a><\/p>\n<div class=\"item-page\">\n<p><img decoding=\"async\" src=\"http:\/\/ddz.de\/images\/dsc_5354_528x_cr.jpg\" alt=\"dsc_5354_528x_cr.jpg\" \/><\/p>\n<p><em>Biologe Dr. Joachim Busch f\u00fchrte die Kinder von Gew\u00e4chsen zu B\u00e4umen und Beeten und erl\u00e4uterte, wie die einzelnen Pflanzen angebaut werden und welchen Ursprung diese haben.<\/em><\/p>\n<p><em>\u00a0<\/em><\/p>\n<p><img decoding=\"async\" src=\"http:\/\/ddz.de\/images\/dsc_5329_528x_cr.jpg\" alt=\"dsc_5329_528x_cr.jpg\" \/><\/p>\n<p><em>SMS Projektkinder\u00a0der GGS Am K\u00f6hnen beim\u00a0Botanischen Garten der Heinrich-Heine-Universit\u00e4t D\u00fcsseldorf.<\/em><\/p>\n<\/div>\n<p>[\/vc_column_text][\/vc_column][\/vc_row]<\/p>\n<\/div>","protected":false},"excerpt":{"rendered":"<p>[vc_row][vc_column][vc_column_text]SMS Projektkinder\u00a0der GGS Am K\u00f6hnen mit\u00a0Prof. Karsten M\u00fcssig (Initiator des Projekts SMS, Deutsches Diabetes-Zentrum), Brigitte Flach (Vorsitzende des Freundeskreises Botanischer Garten der Heinrich-Heine-Universit\u00e4t D\u00fcsseldorf e.V),\u00a0Dr. Olaf Sp\u00f6rkel (Leiter\u00a0Nationales Diabetes-Informationszentrum\/ RIN [&hellip;]<\/p>\n","protected":false},"author":1,"featured_media":17394,"comment_status":"closed","ping_status":"closed","sticky":false,"template":"","format":"standard","meta":{"_acf_changed":false,"_FSMCFIC_featured_image_caption":"","_FSMCFIC_featured_image_nocaption":"","_FSMCFIC_featured_image_hide":"","footnotes":""},"categories":[38],"tags":[],"class_list":["post-17393","post","type-post","status-publish","format-standard","has-post-thumbnail","hentry","category-pressemitteilungen"],"acf":{"attachments":false},"yoast_head":"<!-- This site is optimized with the Yoast SEO plugin v27.2 - https:\/\/yoast.com\/product\/yoast-seo-wordpress\/ -->\n<title>Grundsch\u00fcler entdecken im Botanischen Garten: Bananen und Tomaten wachsen nicht im Supermarkt - Deutsches Diabetes-Zentrum (DDZ)<\/title>\n<meta name=\"description\" content=\"Die Grundsch\u00fcler der Initiative \u201eSMS. Sei schlau. Mach mit. Sei fit.&quot; des Deutschen Diabetes-Zentrums staunten und stellten bei einer F\u00fchrung durch den Botanischen Garten der Heinrich-Heine-Universit\u00e4t D\u00fcsseldorf viele Fragen.\" \/>\n<meta name=\"robots\" content=\"index, follow, max-snippet:-1, max-image-preview:large, max-video-preview:-1\" \/>\n<link rel=\"canonical\" href=\"https:\/\/ddz.de\/en\/grundschueler-entdecken-im-botanischen-garten-bananen-und-tomaten-wachsen-nicht-im-supermarkt\/\" \/>\n<meta property=\"og:locale\" content=\"en_US\" \/>\n<meta property=\"og:type\" content=\"article\" \/>\n<meta property=\"og:title\" content=\"Grundsch\u00fcler entdecken im Botanischen Garten: Bananen und Tomaten wachsen nicht im Supermarkt - Deutsches Diabetes-Zentrum (DDZ)\" \/>\n<meta property=\"og:description\" content=\"Die Grundsch\u00fcler der Initiative \u201eSMS. Sei schlau. Mach mit. Sei fit.&quot; des Deutschen Diabetes-Zentrums staunten und stellten bei einer F\u00fchrung durch den Botanischen Garten der Heinrich-Heine-Universit\u00e4t D\u00fcsseldorf viele Fragen.\" \/>\n<meta property=\"og:url\" content=\"https:\/\/ddz.de\/en\/grundschueler-entdecken-im-botanischen-garten-bananen-und-tomaten-wachsen-nicht-im-supermarkt\/\" \/>\n<meta property=\"og:site_name\" content=\"Deutsches Diabetes-Zentrum (DDZ)\" \/>\n<meta property=\"article:publisher\" content=\"https:\/\/www.facebook.com\/diabetesinformationsdienst\/\" \/>\n<meta property=\"article:published_time\" content=\"2017-05-24T09:22:16+00:00\" \/>\n<meta property=\"article:modified_time\" content=\"2019-10-14T14:27:41+00:00\" \/>\n<meta property=\"og:image\" content=\"https:\/\/ddz.de\/wp-content\/uploads\/dsc_5343_528x_cr-1.jpg\" \/>\n\t<meta property=\"og:image:width\" content=\"528\" \/>\n\t<meta property=\"og:image:height\" content=\"353\" \/>\n\t<meta property=\"og:image:type\" content=\"image\/jpeg\" \/>\n<meta name=\"author\" content=\"admin\" \/>\n<meta name=\"twitter:card\" content=\"summary_large_image\" \/>\n<meta name=\"twitter:creator\" content=\"@ddz_info\" \/>\n<meta name=\"twitter:site\" content=\"@ddz_info\" \/>\n<meta name=\"twitter:label1\" content=\"Written by\" \/>\n\t<meta name=\"twitter:data1\" content=\"admin\" \/>\n\t<meta name=\"twitter:label2\" content=\"Est. reading time\" \/>\n\t<meta name=\"twitter:data2\" content=\"3 minutes\" \/>\n<script type=\"application\/ld+json\" class=\"yoast-schema-graph\">{\"@context\":\"https:\/\/schema.org\",\"@graph\":[{\"@type\":\"Article\",\"@id\":\"https:\/\/ddz.de\/en\/grundschueler-entdecken-im-botanischen-garten-bananen-und-tomaten-wachsen-nicht-im-supermarkt\/#article\",\"isPartOf\":{\"@id\":\"https:\/\/ddz.de\/en\/grundschueler-entdecken-im-botanischen-garten-bananen-und-tomaten-wachsen-nicht-im-supermarkt\/\"},\"author\":{\"name\":\"admin\",\"@id\":\"https:\/\/ddz.de\/en\/#\/schema\/person\/b0c90a4361ac4e692ea73086e1c2656d\"},\"headline\":\"Grundsch\u00fcler entdecken im Botanischen Garten: Bananen und Tomaten wachsen nicht im Supermarkt\",\"datePublished\":\"2017-05-24T09:22:16+00:00\",\"dateModified\":\"2019-10-14T14:27:41+00:00\",\"mainEntityOfPage\":{\"@id\":\"https:\/\/ddz.de\/en\/grundschueler-entdecken-im-botanischen-garten-bananen-und-tomaten-wachsen-nicht-im-supermarkt\/\"},\"wordCount\":581,\"publisher\":{\"@id\":\"https:\/\/ddz.de\/en\/#organization\"},\"image\":{\"@id\":\"https:\/\/ddz.de\/en\/grundschueler-entdecken-im-botanischen-garten-bananen-und-tomaten-wachsen-nicht-im-supermarkt\/#primaryimage\"},\"thumbnailUrl\":\"https:\/\/ddz.de\/wp-content\/uploads\/dsc_5343_528x_cr-1.jpg\",\"articleSection\":[\"Pressemitteilungen\"],\"inLanguage\":\"en-US\"},{\"@type\":\"WebPage\",\"@id\":\"https:\/\/ddz.de\/en\/grundschueler-entdecken-im-botanischen-garten-bananen-und-tomaten-wachsen-nicht-im-supermarkt\/\",\"url\":\"https:\/\/ddz.de\/en\/grundschueler-entdecken-im-botanischen-garten-bananen-und-tomaten-wachsen-nicht-im-supermarkt\/\",\"name\":\"Grundsch\u00fcler entdecken im Botanischen Garten: Bananen und Tomaten wachsen nicht im Supermarkt - Deutsches Diabetes-Zentrum (DDZ)\",\"isPartOf\":{\"@id\":\"https:\/\/ddz.de\/en\/#website\"},\"primaryImageOfPage\":{\"@id\":\"https:\/\/ddz.de\/en\/grundschueler-entdecken-im-botanischen-garten-bananen-und-tomaten-wachsen-nicht-im-supermarkt\/#primaryimage\"},\"image\":{\"@id\":\"https:\/\/ddz.de\/en\/grundschueler-entdecken-im-botanischen-garten-bananen-und-tomaten-wachsen-nicht-im-supermarkt\/#primaryimage\"},\"thumbnailUrl\":\"https:\/\/ddz.de\/wp-content\/uploads\/dsc_5343_528x_cr-1.jpg\",\"datePublished\":\"2017-05-24T09:22:16+00:00\",\"dateModified\":\"2019-10-14T14:27:41+00:00\",\"description\":\"Die Grundsch\u00fcler der Initiative \u201eSMS. Sei schlau. Mach mit. Sei fit.\\\" des Deutschen Diabetes-Zentrums staunten und stellten bei einer F\u00fchrung durch den Botanischen Garten der Heinrich-Heine-Universit\u00e4t D\u00fcsseldorf viele Fragen.\",\"breadcrumb\":{\"@id\":\"https:\/\/ddz.de\/en\/grundschueler-entdecken-im-botanischen-garten-bananen-und-tomaten-wachsen-nicht-im-supermarkt\/#breadcrumb\"},\"inLanguage\":\"en-US\",\"potentialAction\":[{\"@type\":\"ReadAction\",\"target\":[\"https:\/\/ddz.de\/en\/grundschueler-entdecken-im-botanischen-garten-bananen-und-tomaten-wachsen-nicht-im-supermarkt\/\"]}]},{\"@type\":\"ImageObject\",\"inLanguage\":\"en-US\",\"@id\":\"https:\/\/ddz.de\/en\/grundschueler-entdecken-im-botanischen-garten-bananen-und-tomaten-wachsen-nicht-im-supermarkt\/#primaryimage\",\"url\":\"https:\/\/ddz.de\/wp-content\/uploads\/dsc_5343_528x_cr-1.jpg\",\"contentUrl\":\"https:\/\/ddz.de\/wp-content\/uploads\/dsc_5343_528x_cr-1.jpg\",\"width\":528,\"height\":353,\"caption\":\"SMS-Projektkinder der GGS Am K\u00f6hnen mit Prof. Karsten M\u00fcssig (Initiator des Projekts SMS, Deutsches Diabetes-Zentrum), Brigitte Flach (Vorsitzende des Freundeskreises Botanischer Garten der Heinrich-Heine-Universit\u00e4t D\u00fcsseldorf e.V.), Dr. Olaf Sp\u00f6rkel (Leiter Nationales Diabetes-Informationszentrum\/ RIN Diabetes) und Biologe Dr. Joachim Busch\"},{\"@type\":\"BreadcrumbList\",\"@id\":\"https:\/\/ddz.de\/en\/grundschueler-entdecken-im-botanischen-garten-bananen-und-tomaten-wachsen-nicht-im-supermarkt\/#breadcrumb\",\"itemListElement\":[{\"@type\":\"ListItem\",\"position\":1,\"name\":\"Startseite\",\"item\":\"https:\/\/ddz.de\/en\/\"},{\"@type\":\"ListItem\",\"position\":2,\"name\":\"Grundsch\u00fcler entdecken im Botanischen Garten: Bananen und Tomaten wachsen nicht im Supermarkt\"}]},{\"@type\":\"WebSite\",\"@id\":\"https:\/\/ddz.de\/en\/#website\",\"url\":\"https:\/\/ddz.de\/en\/\",\"name\":\"Deutsches Diabetes-Zentrum (DDZ)\",\"description\":\"Diabetes erforschen - Menschen helfen\",\"publisher\":{\"@id\":\"https:\/\/ddz.de\/en\/#organization\"},\"potentialAction\":[{\"@type\":\"SearchAction\",\"target\":{\"@type\":\"EntryPoint\",\"urlTemplate\":\"https:\/\/ddz.de\/en\/?s={search_term_string}\"},\"query-input\":{\"@type\":\"PropertyValueSpecification\",\"valueRequired\":true,\"valueName\":\"search_term_string\"}}],\"inLanguage\":\"en-US\"},{\"@type\":\"Organization\",\"@id\":\"https:\/\/ddz.de\/en\/#organization\",\"name\":\"Deutsches Diabetes-Zentrum (DDZ)\",\"url\":\"https:\/\/ddz.de\/en\/\",\"logo\":{\"@type\":\"ImageObject\",\"inLanguage\":\"en-US\",\"@id\":\"https:\/\/ddz.de\/en\/#\/schema\/logo\/image\/\",\"url\":\"https:\/\/ddz.de\/wp-content\/uploads\/ddz_logo_de.png\",\"contentUrl\":\"https:\/\/ddz.de\/wp-content\/uploads\/ddz_logo_de.png\",\"width\":640,\"height\":226,\"caption\":\"Deutsches Diabetes-Zentrum (DDZ)\"},\"image\":{\"@id\":\"https:\/\/ddz.de\/en\/#\/schema\/logo\/image\/\"},\"sameAs\":[\"https:\/\/www.facebook.com\/diabetesinformationsdienst\/\",\"https:\/\/x.com\/ddz_info\",\"https:\/\/www.youtube.com\/channel\/UCNxwshEljrBJXPri-w9IiLg\"]},{\"@type\":\"Person\",\"@id\":\"https:\/\/ddz.de\/en\/#\/schema\/person\/b0c90a4361ac4e692ea73086e1c2656d\",\"name\":\"admin\",\"image\":{\"@type\":\"ImageObject\",\"inLanguage\":\"en-US\",\"@id\":\"https:\/\/secure.gravatar.com\/avatar\/6ecc878db5649b53fda11f292c9607d383ab88185d28bec22bda2f12dbce1ddc?s=96&d=mm&r=g\",\"url\":\"https:\/\/secure.gravatar.com\/avatar\/6ecc878db5649b53fda11f292c9607d383ab88185d28bec22bda2f12dbce1ddc?s=96&d=mm&r=g\",\"contentUrl\":\"https:\/\/secure.gravatar.com\/avatar\/6ecc878db5649b53fda11f292c9607d383ab88185d28bec22bda2f12dbce1ddc?s=96&d=mm&r=g\",\"caption\":\"admin\"}}]}<\/script>\n<!-- \/ Yoast SEO plugin. -->","yoast_head_json":{"title":"Grundsch\u00fcler entdecken im Botanischen Garten: Bananen und Tomaten wachsen nicht im Supermarkt - Deutsches Diabetes-Zentrum (DDZ)","description":"Die Grundsch\u00fcler der Initiative \u201eSMS. Sei schlau. Mach mit. Sei fit.\" des Deutschen Diabetes-Zentrums staunten und stellten bei einer F\u00fchrung durch den Botanischen Garten der Heinrich-Heine-Universit\u00e4t D\u00fcsseldorf viele Fragen.","robots":{"index":"index","follow":"follow","max-snippet":"max-snippet:-1","max-image-preview":"max-image-preview:large","max-video-preview":"max-video-preview:-1"},"canonical":"https:\/\/ddz.de\/en\/grundschueler-entdecken-im-botanischen-garten-bananen-und-tomaten-wachsen-nicht-im-supermarkt\/","og_locale":"en_US","og_type":"article","og_title":"Grundsch\u00fcler entdecken im Botanischen Garten: Bananen und Tomaten wachsen nicht im Supermarkt - Deutsches Diabetes-Zentrum (DDZ)","og_description":"Die Grundsch\u00fcler der Initiative \u201eSMS. Sei schlau. Mach mit. Sei fit.\" des Deutschen Diabetes-Zentrums staunten und stellten bei einer F\u00fchrung durch den Botanischen Garten der Heinrich-Heine-Universit\u00e4t D\u00fcsseldorf viele Fragen.","og_url":"https:\/\/ddz.de\/en\/grundschueler-entdecken-im-botanischen-garten-bananen-und-tomaten-wachsen-nicht-im-supermarkt\/","og_site_name":"Deutsches Diabetes-Zentrum (DDZ)","article_publisher":"https:\/\/www.facebook.com\/diabetesinformationsdienst\/","article_published_time":"2017-05-24T09:22:16+00:00","article_modified_time":"2019-10-14T14:27:41+00:00","og_image":[{"width":528,"height":353,"url":"https:\/\/ddz.de\/wp-content\/uploads\/dsc_5343_528x_cr-1.jpg","type":"image\/jpeg"}],"author":"admin","twitter_card":"summary_large_image","twitter_creator":"@ddz_info","twitter_site":"@ddz_info","twitter_misc":{"Written by":"admin","Est. reading time":"3 minutes"},"schema":{"@context":"https:\/\/schema.org","@graph":[{"@type":"Article","@id":"https:\/\/ddz.de\/en\/grundschueler-entdecken-im-botanischen-garten-bananen-und-tomaten-wachsen-nicht-im-supermarkt\/#article","isPartOf":{"@id":"https:\/\/ddz.de\/en\/grundschueler-entdecken-im-botanischen-garten-bananen-und-tomaten-wachsen-nicht-im-supermarkt\/"},"author":{"name":"admin","@id":"https:\/\/ddz.de\/en\/#\/schema\/person\/b0c90a4361ac4e692ea73086e1c2656d"},"headline":"Grundsch\u00fcler entdecken im Botanischen Garten: Bananen und Tomaten wachsen nicht im Supermarkt","datePublished":"2017-05-24T09:22:16+00:00","dateModified":"2019-10-14T14:27:41+00:00","mainEntityOfPage":{"@id":"https:\/\/ddz.de\/en\/grundschueler-entdecken-im-botanischen-garten-bananen-und-tomaten-wachsen-nicht-im-supermarkt\/"},"wordCount":581,"publisher":{"@id":"https:\/\/ddz.de\/en\/#organization"},"image":{"@id":"https:\/\/ddz.de\/en\/grundschueler-entdecken-im-botanischen-garten-bananen-und-tomaten-wachsen-nicht-im-supermarkt\/#primaryimage"},"thumbnailUrl":"https:\/\/ddz.de\/wp-content\/uploads\/dsc_5343_528x_cr-1.jpg","articleSection":["Pressemitteilungen"],"inLanguage":"en-US"},{"@type":"WebPage","@id":"https:\/\/ddz.de\/en\/grundschueler-entdecken-im-botanischen-garten-bananen-und-tomaten-wachsen-nicht-im-supermarkt\/","url":"https:\/\/ddz.de\/en\/grundschueler-entdecken-im-botanischen-garten-bananen-und-tomaten-wachsen-nicht-im-supermarkt\/","name":"Grundsch\u00fcler entdecken im Botanischen Garten: Bananen und Tomaten wachsen nicht im Supermarkt - Deutsches Diabetes-Zentrum (DDZ)","isPartOf":{"@id":"https:\/\/ddz.de\/en\/#website"},"primaryImageOfPage":{"@id":"https:\/\/ddz.de\/en\/grundschueler-entdecken-im-botanischen-garten-bananen-und-tomaten-wachsen-nicht-im-supermarkt\/#primaryimage"},"image":{"@id":"https:\/\/ddz.de\/en\/grundschueler-entdecken-im-botanischen-garten-bananen-und-tomaten-wachsen-nicht-im-supermarkt\/#primaryimage"},"thumbnailUrl":"https:\/\/ddz.de\/wp-content\/uploads\/dsc_5343_528x_cr-1.jpg","datePublished":"2017-05-24T09:22:16+00:00","dateModified":"2019-10-14T14:27:41+00:00","description":"Die Grundsch\u00fcler der Initiative \u201eSMS. Sei schlau. Mach mit. Sei fit.\" des Deutschen Diabetes-Zentrums staunten und stellten bei einer F\u00fchrung durch den Botanischen Garten der Heinrich-Heine-Universit\u00e4t D\u00fcsseldorf viele Fragen.","breadcrumb":{"@id":"https:\/\/ddz.de\/en\/grundschueler-entdecken-im-botanischen-garten-bananen-und-tomaten-wachsen-nicht-im-supermarkt\/#breadcrumb"},"inLanguage":"en-US","potentialAction":[{"@type":"ReadAction","target":["https:\/\/ddz.de\/en\/grundschueler-entdecken-im-botanischen-garten-bananen-und-tomaten-wachsen-nicht-im-supermarkt\/"]}]},{"@type":"ImageObject","inLanguage":"en-US","@id":"https:\/\/ddz.de\/en\/grundschueler-entdecken-im-botanischen-garten-bananen-und-tomaten-wachsen-nicht-im-supermarkt\/#primaryimage","url":"https:\/\/ddz.de\/wp-content\/uploads\/dsc_5343_528x_cr-1.jpg","contentUrl":"https:\/\/ddz.de\/wp-content\/uploads\/dsc_5343_528x_cr-1.jpg","width":528,"height":353,"caption":"SMS-Projektkinder der GGS Am K\u00f6hnen mit Prof. Karsten M\u00fcssig (Initiator des Projekts SMS, Deutsches Diabetes-Zentrum), Brigitte Flach (Vorsitzende des Freundeskreises Botanischer Garten der Heinrich-Heine-Universit\u00e4t D\u00fcsseldorf e.V.), Dr. Olaf Sp\u00f6rkel (Leiter Nationales Diabetes-Informationszentrum\/ RIN Diabetes) und Biologe Dr. Joachim Busch"},{"@type":"BreadcrumbList","@id":"https:\/\/ddz.de\/en\/grundschueler-entdecken-im-botanischen-garten-bananen-und-tomaten-wachsen-nicht-im-supermarkt\/#breadcrumb","itemListElement":[{"@type":"ListItem","position":1,"name":"Startseite","item":"https:\/\/ddz.de\/en\/"},{"@type":"ListItem","position":2,"name":"Grundsch\u00fcler entdecken im Botanischen Garten: Bananen und Tomaten wachsen nicht im Supermarkt"}]},{"@type":"WebSite","@id":"https:\/\/ddz.de\/en\/#website","url":"https:\/\/ddz.de\/en\/","name":"Deutsches Diabetes-Zentrum (DDZ)","description":"Diabetes erforschen - Menschen helfen","publisher":{"@id":"https:\/\/ddz.de\/en\/#organization"},"potentialAction":[{"@type":"SearchAction","target":{"@type":"EntryPoint","urlTemplate":"https:\/\/ddz.de\/en\/?s={search_term_string}"},"query-input":{"@type":"PropertyValueSpecification","valueRequired":true,"valueName":"search_term_string"}}],"inLanguage":"en-US"},{"@type":"Organization","@id":"https:\/\/ddz.de\/en\/#organization","name":"Deutsches Diabetes-Zentrum (DDZ)","url":"https:\/\/ddz.de\/en\/","logo":{"@type":"ImageObject","inLanguage":"en-US","@id":"https:\/\/ddz.de\/en\/#\/schema\/logo\/image\/","url":"https:\/\/ddz.de\/wp-content\/uploads\/ddz_logo_de.png","contentUrl":"https:\/\/ddz.de\/wp-content\/uploads\/ddz_logo_de.png","width":640,"height":226,"caption":"Deutsches Diabetes-Zentrum (DDZ)"},"image":{"@id":"https:\/\/ddz.de\/en\/#\/schema\/logo\/image\/"},"sameAs":["https:\/\/www.facebook.com\/diabetesinformationsdienst\/","https:\/\/x.com\/ddz_info","https:\/\/www.youtube.com\/channel\/UCNxwshEljrBJXPri-w9IiLg"]},{"@type":"Person","@id":"https:\/\/ddz.de\/en\/#\/schema\/person\/b0c90a4361ac4e692ea73086e1c2656d","name":"admin","image":{"@type":"ImageObject","inLanguage":"en-US","@id":"https:\/\/secure.gravatar.com\/avatar\/6ecc878db5649b53fda11f292c9607d383ab88185d28bec22bda2f12dbce1ddc?s=96&d=mm&r=g","url":"https:\/\/secure.gravatar.com\/avatar\/6ecc878db5649b53fda11f292c9607d383ab88185d28bec22bda2f12dbce1ddc?s=96&d=mm&r=g","contentUrl":"https:\/\/secure.gravatar.com\/avatar\/6ecc878db5649b53fda11f292c9607d383ab88185d28bec22bda2f12dbce1ddc?s=96&d=mm&r=g","caption":"admin"}}]}},"_links":{"self":[{"href":"https:\/\/ddz.de\/en\/wp-json\/wp\/v2\/posts\/17393","targetHints":{"allow":["GET"]}}],"collection":[{"href":"https:\/\/ddz.de\/en\/wp-json\/wp\/v2\/posts"}],"about":[{"href":"https:\/\/ddz.de\/en\/wp-json\/wp\/v2\/types\/post"}],"author":[{"embeddable":true,"href":"https:\/\/ddz.de\/en\/wp-json\/wp\/v2\/users\/1"}],"replies":[{"embeddable":true,"href":"https:\/\/ddz.de\/en\/wp-json\/wp\/v2\/comments?post=17393"}],"version-history":[{"count":1,"href":"https:\/\/ddz.de\/en\/wp-json\/wp\/v2\/posts\/17393\/revisions"}],"predecessor-version":[{"id":17395,"href":"https:\/\/ddz.de\/en\/wp-json\/wp\/v2\/posts\/17393\/revisions\/17395"}],"wp:featuredmedia":[{"embeddable":true,"href":"https:\/\/ddz.de\/en\/wp-json\/wp\/v2\/media\/17394"}],"wp:attachment":[{"href":"https:\/\/ddz.de\/en\/wp-json\/wp\/v2\/media?parent=17393"}],"wp:term":[{"taxonomy":"category","embeddable":true,"href":"https:\/\/ddz.de\/en\/wp-json\/wp\/v2\/categories?post=17393"},{"taxonomy":"post_tag","embeddable":true,"href":"https:\/\/ddz.de\/en\/wp-json\/wp\/v2\/tags?post=17393"}],"curies":[{"name":"wp","href":"https:\/\/api.w.org\/{rel}","templated":true}]}}