{"id":16664,"date":"2019-09-03T13:51:03","date_gmt":"2019-09-03T12:51:03","guid":{"rendered":"https:\/\/2020.ddz.de\/?p=16664"},"modified":"2019-09-30T13:50:47","modified_gmt":"2019-09-30T12:50:47","slug":"gesundheits-parcours-aktiv-werden-und-umfassend-informieren-beim-17-duesseldorfer-diabetes-tag","status":"publish","type":"post","link":"https:\/\/ddz.de\/en\/gesundheits-parcours-aktiv-werden-und-umfassend-informieren-beim-17-duesseldorfer-diabetes-tag\/","title":{"rendered":"Gesundheits-Parcours: Aktiv werden und umfassend informieren beim 17. D\u00fcsseldorfer Diabetes-Tag"},"content":{"rendered":"<div class=\"wpb-content-wrapper\"><p>[vc_row][vc_column][vc_column_text]Zwischen 10:00 und 16:00 Uhr informieren \u00c4rzte, Wissenschaftler, Apotheker, Diabetes- und Ern\u00e4hrungsberater sowie weitere Diabetes-Experten \u00fcber neue Aspekte zur Bewegung und Ern\u00e4hrung, aktuelle Entwicklungen im Bereich der Behandlung und Forschung sowie \u00fcber Diabetes im Kindes- und Jugendalter. In Erfahrungsberichten schildern Menschen mit Diabetes Situationen aus ihrem Leben mit Diabetes, darunter der mehrfache Goldmedaillengewinner und Leitathlet Daniel Schnelting und Diabetesblogger Bastian Niemeier. \u201eMit der wachsenden Anzahl an Erfahrungsberichten m\u00f6chten wir Menschen mit Diabetes st\u00e4rker in das Programm einbinden, um im Rahmen des D\u00fcsseldorfer Diabetes-Tages eine pers\u00f6nliche Austauschplattform zu bieten&#8221;, erkl\u00e4rt Prof. Dr. Michael Roden, Wissenschaftlicher Gesch\u00e4ftsf\u00fchrer und Vorstand des Deutschen Diabetes-Zentrums (DDZ). \u201eIm Vordergrund des Tages stehen die Themenbereiche &#8220;Lifestyle&#8221; und &#8220;Bewegung&#8221;, die sich auch in unserem diesj\u00e4hrigen Motto &#8216;Mit Diabetes durch das Leben&#8217; wiederspiegeln.&#8221;<\/p>\n<p>Neben den mit Diabetes verbundenen Begleit- und Folgeerkrankungen werden in weiteren Vortr\u00e4gen sozialrechtliche Aspekte f\u00fcr Menschen mit Diabetes beleuchtet sowie einfache Hilfestellungen f\u00fcr den Alltag praxisnah vorgestellt. F\u00fcr die Themen Insulinpumpe, CGM und FGM ist ein eigener Vortragsblock ab 10:30 Uhr vorgesehen, bei dem die Fragen der Besucher im Fokus stehen und von Fachleuten individuell beantwortet werden.<\/p>\n<p><strong>Erweitertes Informationsangebot f\u00fcr Familien und Menschen mit Migrationshintergrund<\/strong><br \/>\nAuf der begleitenden Industrieausstellung pr\u00e4sentieren knapp 40 lokale und (\u00fcber)regionale Unternehmen, Verb\u00e4nde, Selbsthilfegruppen sowie Vereine ihre Angebote, Produkte und Dienstleistungen. Ein Informationsstand f\u00fcr Menschen mit Migrationshintergrund, an dem Diabetes- und Ern\u00e4hrungsberaterinnen in den Sprachen Arabisch, Englisch, Persisch, Polnisch, Russisch und T\u00fcrkisch Informationen vermitteln und fremdsprachige Materialien pr\u00e4sentieren, vervollst\u00e4ndigt das Angebot. F\u00fcr eine kulturspezifische Beratung von Kleingruppen steht ein separater Raum zur Verf\u00fcgung. Auch f\u00fcr Familien und junge Menschen mit Diabetes bietet der Diabetes-Tag eine Austauschm\u00f6glichkeit. Neben Fachvortr\u00e4gen ab 13:15 Uhr werden in den anschlie\u00dfenden Erfahrungsberichten pers\u00f6nliche Erlebnisse von Menschen mit Typ-1-Diabetes vorgestellt und diskutiert. Zudem stehen Fachkr\u00e4fte aus dem Kinder- und Jugendbereich f\u00fcr Fragen zur Verf\u00fcgung.<\/p>\n<p><strong>Gesundheits-Parcours Diabetes: Mitmachen und gewinnen<\/strong><br \/>\nBei dem Gesundheits-Parcours Diabetes k\u00f6nnen die Besucher selbst aktiv werden und mit etwas Gl\u00fcck attraktive Preise gewinnen. \u201eDie Mitmach-Aktionen und die am D\u00fcsseldorfer Diabetes-Tag angebotenen Gesundheitschecks bieten einen individuellen Einblick in die Themen Diabetes, Bewegung und Ern\u00e4hrung und machen das Thema und die Hilfen erlebbar&#8221;, betont Prof. Dr. Andreas Meyer-Falcke, Beigeordneter f\u00fcr Gesundheit der Landeshauptstadt D\u00fcsseldorf und Schirmherr des D\u00fcsseldorfer Diabetes-Tages.<\/p>\n<p>An zahlreichen Stationen k\u00f6nnen die Besucher an kostenlosen \u00dcbungen und Aktionen aktiv teilnehmen. Im vergangenen Jahr nutzen rund 750 Angeh\u00f6rige, Betroffene und Patienten das vielf\u00e4ltige Angebot. Im Diabetes-Info-Mobil der Deutschen Diabetes-Hilfe NRW und am Stand der Apotheken werden u.a. individuelle Blutdruck-, Blutglukose- und Cholesterin-Messungen angeboten. Zudem stehen Fachkr\u00e4fte f\u00fcr die individuelle Beratung zur Fu\u00dfpflege bereit. Unter den Teilnehmern am Gesundheits-Parcours Diabetes werden ein Fitnesstracker, eine Ern\u00e4hrungsberatung oder eine Teilnahme an einem Diabetes-Kochkurs verlost.<\/p>\n<p>Der Informationstag wird gemeinsam vom Regionalen Innovationsnetzwerk (RIN) Diabetes, dem Deutschen Diabetes-Zentrum (DDZ), der Klinik f\u00fcr Endokrinologie und Diabetologie am Universit\u00e4tsklinikum D\u00fcsseldorf, der Deutschen Diabetes-Hilfe \u2013 Menschen mit Diabetes Landesverband Nordrhein-Westfalen e.V. (DDH-M) sowie den Niedergelassenen D\u00fcsseldorfer Diabetologen und der D\u00fcsseldorfer Handwerkskammer ausgerichtet.<\/p>\n<p><strong>Infobox:<\/strong><br \/>\nDie Veranstaltung ist ohne Anmeldung m\u00f6glich, der Eintritt ist kostenlos und der Zugang ist barrierefrei.<br \/>\nEingeladen sind Menschen mit Diabetes, Angeh\u00f6rige, Familien mit ihren betroffenen Kindern, Risikogruppen und alle, die Fragen zum Thema Diabetes haben. Weitere Informationen erhalten Sie unter <a href=\"http:\/\/www.duesseldorfer-diabetestag.de\">www.duesseldorfer-diabetestag.de<\/a> oder bei Facebook <a>https:\/\/de-de.facebook.com\/duesseldorfer.diabetestag\/<\/a><br \/>\nDas Programm finden Sie <a class=\"linkicon pdf\" href=\"https:\/\/duesseldorfer-diabetestag.de\/images\/programm\/DDT-2019_Faltblatt.pdf\">hier<\/a>.[\/vc_column_text][\/vc_column][\/vc_row]<\/p>\n<\/div>","protected":false},"excerpt":{"rendered":"<p>[vc_row][vc_column][vc_column_text]Zwischen 10:00 und 16:00 Uhr informieren \u00c4rzte, Wissenschaftler, Apotheker, Diabetes- und Ern\u00e4hrungsberater sowie weitere Diabetes-Experten \u00fcber neue Aspekte zur Bewegung und Ern\u00e4hrung, aktuelle Entwicklungen im Bereich der Behandlung und Forschung [&hellip;]<\/p>\n","protected":false},"author":1,"featured_media":17108,"comment_status":"closed","ping_status":"closed","sticky":false,"template":"","format":"standard","meta":{"_acf_changed":false,"_FSMCFIC_featured_image_caption":"","_FSMCFIC_featured_image_nocaption":"","_FSMCFIC_featured_image_hide":"","footnotes":""},"categories":[38],"tags":[],"class_list":["post-16664","post","type-post","status-publish","format-standard","has-post-thumbnail","hentry","category-pressemitteilungen"],"acf":{"attachments":false},"yoast_head":"<!-- This site is optimized with the Yoast SEO plugin v27.2 - https:\/\/yoast.com\/product\/yoast-seo-wordpress\/ -->\n<title>Gesundheits-Parcours: Aktiv werden und umfassend informieren beim 17. D\u00fcsseldorfer Diabetes-Tag - Deutsches Diabetes-Zentrum (DDZ)<\/title>\n<meta name=\"description\" content=\"\u00c4rzte, Wissenschaftler, Apotheker, Diabetes- und Ern\u00e4hrungsberater sowie weitere Diabetes-Experten informieren \u00fcber aktuelle Diabetes Themen.\" \/>\n<meta name=\"robots\" content=\"index, follow, max-snippet:-1, max-image-preview:large, max-video-preview:-1\" \/>\n<link rel=\"canonical\" href=\"https:\/\/ddz.de\/en\/gesundheits-parcours-aktiv-werden-und-umfassend-informieren-beim-17-duesseldorfer-diabetes-tag\/\" \/>\n<meta property=\"og:locale\" content=\"en_US\" \/>\n<meta property=\"og:type\" content=\"article\" \/>\n<meta property=\"og:title\" content=\"Gesundheits-Parcours: Aktiv werden und umfassend informieren beim 17. D\u00fcsseldorfer Diabetes-Tag - Deutsches Diabetes-Zentrum (DDZ)\" \/>\n<meta property=\"og:description\" content=\"\u00c4rzte, Wissenschaftler, Apotheker, Diabetes- und Ern\u00e4hrungsberater sowie weitere Diabetes-Experten informieren \u00fcber aktuelle Diabetes Themen.\" \/>\n<meta property=\"og:url\" content=\"https:\/\/ddz.de\/en\/gesundheits-parcours-aktiv-werden-und-umfassend-informieren-beim-17-duesseldorfer-diabetes-tag\/\" \/>\n<meta property=\"og:site_name\" content=\"Deutsches Diabetes-Zentrum (DDZ)\" \/>\n<meta property=\"article:publisher\" content=\"https:\/\/www.facebook.com\/diabetesinformationsdienst\/\" \/>\n<meta property=\"article:published_time\" content=\"2019-09-03T12:51:03+00:00\" \/>\n<meta property=\"article:modified_time\" content=\"2019-09-30T12:50:47+00:00\" \/>\n<meta property=\"og:image\" content=\"https:\/\/ddz.de\/wp-content\/uploads\/DDT_FB_VA_1200x628_190219.jpg\" \/>\n\t<meta property=\"og:image:width\" content=\"1200\" \/>\n\t<meta property=\"og:image:height\" content=\"628\" \/>\n\t<meta property=\"og:image:type\" content=\"image\/jpeg\" \/>\n<meta name=\"author\" content=\"admin\" \/>\n<meta name=\"twitter:card\" content=\"summary_large_image\" \/>\n<meta name=\"twitter:creator\" content=\"@ddz_info\" \/>\n<meta name=\"twitter:site\" content=\"@ddz_info\" \/>\n<meta name=\"twitter:label1\" content=\"Written by\" \/>\n\t<meta name=\"twitter:data1\" content=\"admin\" \/>\n\t<meta name=\"twitter:label2\" content=\"Est. reading time\" \/>\n\t<meta name=\"twitter:data2\" content=\"3 minutes\" \/>\n<script type=\"application\/ld+json\" class=\"yoast-schema-graph\">{\"@context\":\"https:\/\/schema.org\",\"@graph\":[{\"@type\":\"Article\",\"@id\":\"https:\/\/ddz.de\/en\/gesundheits-parcours-aktiv-werden-und-umfassend-informieren-beim-17-duesseldorfer-diabetes-tag\/#article\",\"isPartOf\":{\"@id\":\"https:\/\/ddz.de\/en\/gesundheits-parcours-aktiv-werden-und-umfassend-informieren-beim-17-duesseldorfer-diabetes-tag\/\"},\"author\":{\"name\":\"admin\",\"@id\":\"https:\/\/ddz.de\/en\/#\/schema\/person\/b0c90a4361ac4e692ea73086e1c2656d\"},\"headline\":\"Gesundheits-Parcours: Aktiv werden und umfassend informieren beim 17. D\u00fcsseldorfer Diabetes-Tag\",\"datePublished\":\"2019-09-03T12:51:03+00:00\",\"dateModified\":\"2019-09-30T12:50:47+00:00\",\"mainEntityOfPage\":{\"@id\":\"https:\/\/ddz.de\/en\/gesundheits-parcours-aktiv-werden-und-umfassend-informieren-beim-17-duesseldorfer-diabetes-tag\/\"},\"wordCount\":609,\"publisher\":{\"@id\":\"https:\/\/ddz.de\/en\/#organization\"},\"image\":{\"@id\":\"https:\/\/ddz.de\/en\/gesundheits-parcours-aktiv-werden-und-umfassend-informieren-beim-17-duesseldorfer-diabetes-tag\/#primaryimage\"},\"thumbnailUrl\":\"https:\/\/ddz.de\/wp-content\/uploads\/DDT_FB_VA_1200x628_190219.jpg\",\"articleSection\":[\"Pressemitteilungen\"],\"inLanguage\":\"en-US\"},{\"@type\":\"WebPage\",\"@id\":\"https:\/\/ddz.de\/en\/gesundheits-parcours-aktiv-werden-und-umfassend-informieren-beim-17-duesseldorfer-diabetes-tag\/\",\"url\":\"https:\/\/ddz.de\/en\/gesundheits-parcours-aktiv-werden-und-umfassend-informieren-beim-17-duesseldorfer-diabetes-tag\/\",\"name\":\"Gesundheits-Parcours: Aktiv werden und umfassend informieren beim 17. D\u00fcsseldorfer Diabetes-Tag - Deutsches Diabetes-Zentrum (DDZ)\",\"isPartOf\":{\"@id\":\"https:\/\/ddz.de\/en\/#website\"},\"primaryImageOfPage\":{\"@id\":\"https:\/\/ddz.de\/en\/gesundheits-parcours-aktiv-werden-und-umfassend-informieren-beim-17-duesseldorfer-diabetes-tag\/#primaryimage\"},\"image\":{\"@id\":\"https:\/\/ddz.de\/en\/gesundheits-parcours-aktiv-werden-und-umfassend-informieren-beim-17-duesseldorfer-diabetes-tag\/#primaryimage\"},\"thumbnailUrl\":\"https:\/\/ddz.de\/wp-content\/uploads\/DDT_FB_VA_1200x628_190219.jpg\",\"datePublished\":\"2019-09-03T12:51:03+00:00\",\"dateModified\":\"2019-09-30T12:50:47+00:00\",\"description\":\"\u00c4rzte, Wissenschaftler, Apotheker, Diabetes- und Ern\u00e4hrungsberater sowie weitere Diabetes-Experten informieren \u00fcber aktuelle Diabetes Themen.\",\"breadcrumb\":{\"@id\":\"https:\/\/ddz.de\/en\/gesundheits-parcours-aktiv-werden-und-umfassend-informieren-beim-17-duesseldorfer-diabetes-tag\/#breadcrumb\"},\"inLanguage\":\"en-US\",\"potentialAction\":[{\"@type\":\"ReadAction\",\"target\":[\"https:\/\/ddz.de\/en\/gesundheits-parcours-aktiv-werden-und-umfassend-informieren-beim-17-duesseldorfer-diabetes-tag\/\"]}]},{\"@type\":\"ImageObject\",\"inLanguage\":\"en-US\",\"@id\":\"https:\/\/ddz.de\/en\/gesundheits-parcours-aktiv-werden-und-umfassend-informieren-beim-17-duesseldorfer-diabetes-tag\/#primaryimage\",\"url\":\"https:\/\/ddz.de\/wp-content\/uploads\/DDT_FB_VA_1200x628_190219.jpg\",\"contentUrl\":\"https:\/\/ddz.de\/wp-content\/uploads\/DDT_FB_VA_1200x628_190219.jpg\",\"width\":1200,\"height\":628,\"caption\":\"Terminhinweis D\u00fcsseldorfer Diabetes-Tag am 07.09.2019\"},{\"@type\":\"BreadcrumbList\",\"@id\":\"https:\/\/ddz.de\/en\/gesundheits-parcours-aktiv-werden-und-umfassend-informieren-beim-17-duesseldorfer-diabetes-tag\/#breadcrumb\",\"itemListElement\":[{\"@type\":\"ListItem\",\"position\":1,\"name\":\"Startseite\",\"item\":\"https:\/\/ddz.de\/en\/\"},{\"@type\":\"ListItem\",\"position\":2,\"name\":\"Gesundheits-Parcours: Aktiv werden und umfassend informieren beim 17. D\u00fcsseldorfer Diabetes-Tag\"}]},{\"@type\":\"WebSite\",\"@id\":\"https:\/\/ddz.de\/en\/#website\",\"url\":\"https:\/\/ddz.de\/en\/\",\"name\":\"Deutsches Diabetes-Zentrum (DDZ)\",\"description\":\"Diabetes erforschen - Menschen helfen\",\"publisher\":{\"@id\":\"https:\/\/ddz.de\/en\/#organization\"},\"potentialAction\":[{\"@type\":\"SearchAction\",\"target\":{\"@type\":\"EntryPoint\",\"urlTemplate\":\"https:\/\/ddz.de\/en\/?s={search_term_string}\"},\"query-input\":{\"@type\":\"PropertyValueSpecification\",\"valueRequired\":true,\"valueName\":\"search_term_string\"}}],\"inLanguage\":\"en-US\"},{\"@type\":\"Organization\",\"@id\":\"https:\/\/ddz.de\/en\/#organization\",\"name\":\"Deutsches Diabetes-Zentrum (DDZ)\",\"url\":\"https:\/\/ddz.de\/en\/\",\"logo\":{\"@type\":\"ImageObject\",\"inLanguage\":\"en-US\",\"@id\":\"https:\/\/ddz.de\/en\/#\/schema\/logo\/image\/\",\"url\":\"https:\/\/ddz.de\/wp-content\/uploads\/ddz_logo_de.png\",\"contentUrl\":\"https:\/\/ddz.de\/wp-content\/uploads\/ddz_logo_de.png\",\"width\":640,\"height\":226,\"caption\":\"Deutsches Diabetes-Zentrum (DDZ)\"},\"image\":{\"@id\":\"https:\/\/ddz.de\/en\/#\/schema\/logo\/image\/\"},\"sameAs\":[\"https:\/\/www.facebook.com\/diabetesinformationsdienst\/\",\"https:\/\/x.com\/ddz_info\",\"https:\/\/www.youtube.com\/channel\/UCNxwshEljrBJXPri-w9IiLg\"]},{\"@type\":\"Person\",\"@id\":\"https:\/\/ddz.de\/en\/#\/schema\/person\/b0c90a4361ac4e692ea73086e1c2656d\",\"name\":\"admin\",\"image\":{\"@type\":\"ImageObject\",\"inLanguage\":\"en-US\",\"@id\":\"https:\/\/secure.gravatar.com\/avatar\/6ecc878db5649b53fda11f292c9607d383ab88185d28bec22bda2f12dbce1ddc?s=96&d=mm&r=g\",\"url\":\"https:\/\/secure.gravatar.com\/avatar\/6ecc878db5649b53fda11f292c9607d383ab88185d28bec22bda2f12dbce1ddc?s=96&d=mm&r=g\",\"contentUrl\":\"https:\/\/secure.gravatar.com\/avatar\/6ecc878db5649b53fda11f292c9607d383ab88185d28bec22bda2f12dbce1ddc?s=96&d=mm&r=g\",\"caption\":\"admin\"}}]}<\/script>\n<!-- \/ Yoast SEO plugin. -->","yoast_head_json":{"title":"Gesundheits-Parcours: Aktiv werden und umfassend informieren beim 17. D\u00fcsseldorfer Diabetes-Tag - Deutsches Diabetes-Zentrum (DDZ)","description":"\u00c4rzte, Wissenschaftler, Apotheker, Diabetes- und Ern\u00e4hrungsberater sowie weitere Diabetes-Experten informieren \u00fcber aktuelle Diabetes Themen.","robots":{"index":"index","follow":"follow","max-snippet":"max-snippet:-1","max-image-preview":"max-image-preview:large","max-video-preview":"max-video-preview:-1"},"canonical":"https:\/\/ddz.de\/en\/gesundheits-parcours-aktiv-werden-und-umfassend-informieren-beim-17-duesseldorfer-diabetes-tag\/","og_locale":"en_US","og_type":"article","og_title":"Gesundheits-Parcours: Aktiv werden und umfassend informieren beim 17. D\u00fcsseldorfer Diabetes-Tag - Deutsches Diabetes-Zentrum (DDZ)","og_description":"\u00c4rzte, Wissenschaftler, Apotheker, Diabetes- und Ern\u00e4hrungsberater sowie weitere Diabetes-Experten informieren \u00fcber aktuelle Diabetes Themen.","og_url":"https:\/\/ddz.de\/en\/gesundheits-parcours-aktiv-werden-und-umfassend-informieren-beim-17-duesseldorfer-diabetes-tag\/","og_site_name":"Deutsches Diabetes-Zentrum (DDZ)","article_publisher":"https:\/\/www.facebook.com\/diabetesinformationsdienst\/","article_published_time":"2019-09-03T12:51:03+00:00","article_modified_time":"2019-09-30T12:50:47+00:00","og_image":[{"width":1200,"height":628,"url":"https:\/\/ddz.de\/wp-content\/uploads\/DDT_FB_VA_1200x628_190219.jpg","type":"image\/jpeg"}],"author":"admin","twitter_card":"summary_large_image","twitter_creator":"@ddz_info","twitter_site":"@ddz_info","twitter_misc":{"Written by":"admin","Est. reading time":"3 minutes"},"schema":{"@context":"https:\/\/schema.org","@graph":[{"@type":"Article","@id":"https:\/\/ddz.de\/en\/gesundheits-parcours-aktiv-werden-und-umfassend-informieren-beim-17-duesseldorfer-diabetes-tag\/#article","isPartOf":{"@id":"https:\/\/ddz.de\/en\/gesundheits-parcours-aktiv-werden-und-umfassend-informieren-beim-17-duesseldorfer-diabetes-tag\/"},"author":{"name":"admin","@id":"https:\/\/ddz.de\/en\/#\/schema\/person\/b0c90a4361ac4e692ea73086e1c2656d"},"headline":"Gesundheits-Parcours: Aktiv werden und umfassend informieren beim 17. D\u00fcsseldorfer Diabetes-Tag","datePublished":"2019-09-03T12:51:03+00:00","dateModified":"2019-09-30T12:50:47+00:00","mainEntityOfPage":{"@id":"https:\/\/ddz.de\/en\/gesundheits-parcours-aktiv-werden-und-umfassend-informieren-beim-17-duesseldorfer-diabetes-tag\/"},"wordCount":609,"publisher":{"@id":"https:\/\/ddz.de\/en\/#organization"},"image":{"@id":"https:\/\/ddz.de\/en\/gesundheits-parcours-aktiv-werden-und-umfassend-informieren-beim-17-duesseldorfer-diabetes-tag\/#primaryimage"},"thumbnailUrl":"https:\/\/ddz.de\/wp-content\/uploads\/DDT_FB_VA_1200x628_190219.jpg","articleSection":["Pressemitteilungen"],"inLanguage":"en-US"},{"@type":"WebPage","@id":"https:\/\/ddz.de\/en\/gesundheits-parcours-aktiv-werden-und-umfassend-informieren-beim-17-duesseldorfer-diabetes-tag\/","url":"https:\/\/ddz.de\/en\/gesundheits-parcours-aktiv-werden-und-umfassend-informieren-beim-17-duesseldorfer-diabetes-tag\/","name":"Gesundheits-Parcours: Aktiv werden und umfassend informieren beim 17. D\u00fcsseldorfer Diabetes-Tag - Deutsches Diabetes-Zentrum (DDZ)","isPartOf":{"@id":"https:\/\/ddz.de\/en\/#website"},"primaryImageOfPage":{"@id":"https:\/\/ddz.de\/en\/gesundheits-parcours-aktiv-werden-und-umfassend-informieren-beim-17-duesseldorfer-diabetes-tag\/#primaryimage"},"image":{"@id":"https:\/\/ddz.de\/en\/gesundheits-parcours-aktiv-werden-und-umfassend-informieren-beim-17-duesseldorfer-diabetes-tag\/#primaryimage"},"thumbnailUrl":"https:\/\/ddz.de\/wp-content\/uploads\/DDT_FB_VA_1200x628_190219.jpg","datePublished":"2019-09-03T12:51:03+00:00","dateModified":"2019-09-30T12:50:47+00:00","description":"\u00c4rzte, Wissenschaftler, Apotheker, Diabetes- und Ern\u00e4hrungsberater sowie weitere Diabetes-Experten informieren \u00fcber aktuelle Diabetes Themen.","breadcrumb":{"@id":"https:\/\/ddz.de\/en\/gesundheits-parcours-aktiv-werden-und-umfassend-informieren-beim-17-duesseldorfer-diabetes-tag\/#breadcrumb"},"inLanguage":"en-US","potentialAction":[{"@type":"ReadAction","target":["https:\/\/ddz.de\/en\/gesundheits-parcours-aktiv-werden-und-umfassend-informieren-beim-17-duesseldorfer-diabetes-tag\/"]}]},{"@type":"ImageObject","inLanguage":"en-US","@id":"https:\/\/ddz.de\/en\/gesundheits-parcours-aktiv-werden-und-umfassend-informieren-beim-17-duesseldorfer-diabetes-tag\/#primaryimage","url":"https:\/\/ddz.de\/wp-content\/uploads\/DDT_FB_VA_1200x628_190219.jpg","contentUrl":"https:\/\/ddz.de\/wp-content\/uploads\/DDT_FB_VA_1200x628_190219.jpg","width":1200,"height":628,"caption":"Terminhinweis D\u00fcsseldorfer Diabetes-Tag am 07.09.2019"},{"@type":"BreadcrumbList","@id":"https:\/\/ddz.de\/en\/gesundheits-parcours-aktiv-werden-und-umfassend-informieren-beim-17-duesseldorfer-diabetes-tag\/#breadcrumb","itemListElement":[{"@type":"ListItem","position":1,"name":"Startseite","item":"https:\/\/ddz.de\/en\/"},{"@type":"ListItem","position":2,"name":"Gesundheits-Parcours: Aktiv werden und umfassend informieren beim 17. D\u00fcsseldorfer Diabetes-Tag"}]},{"@type":"WebSite","@id":"https:\/\/ddz.de\/en\/#website","url":"https:\/\/ddz.de\/en\/","name":"Deutsches Diabetes-Zentrum (DDZ)","description":"Diabetes erforschen - Menschen helfen","publisher":{"@id":"https:\/\/ddz.de\/en\/#organization"},"potentialAction":[{"@type":"SearchAction","target":{"@type":"EntryPoint","urlTemplate":"https:\/\/ddz.de\/en\/?s={search_term_string}"},"query-input":{"@type":"PropertyValueSpecification","valueRequired":true,"valueName":"search_term_string"}}],"inLanguage":"en-US"},{"@type":"Organization","@id":"https:\/\/ddz.de\/en\/#organization","name":"Deutsches Diabetes-Zentrum (DDZ)","url":"https:\/\/ddz.de\/en\/","logo":{"@type":"ImageObject","inLanguage":"en-US","@id":"https:\/\/ddz.de\/en\/#\/schema\/logo\/image\/","url":"https:\/\/ddz.de\/wp-content\/uploads\/ddz_logo_de.png","contentUrl":"https:\/\/ddz.de\/wp-content\/uploads\/ddz_logo_de.png","width":640,"height":226,"caption":"Deutsches Diabetes-Zentrum (DDZ)"},"image":{"@id":"https:\/\/ddz.de\/en\/#\/schema\/logo\/image\/"},"sameAs":["https:\/\/www.facebook.com\/diabetesinformationsdienst\/","https:\/\/x.com\/ddz_info","https:\/\/www.youtube.com\/channel\/UCNxwshEljrBJXPri-w9IiLg"]},{"@type":"Person","@id":"https:\/\/ddz.de\/en\/#\/schema\/person\/b0c90a4361ac4e692ea73086e1c2656d","name":"admin","image":{"@type":"ImageObject","inLanguage":"en-US","@id":"https:\/\/secure.gravatar.com\/avatar\/6ecc878db5649b53fda11f292c9607d383ab88185d28bec22bda2f12dbce1ddc?s=96&d=mm&r=g","url":"https:\/\/secure.gravatar.com\/avatar\/6ecc878db5649b53fda11f292c9607d383ab88185d28bec22bda2f12dbce1ddc?s=96&d=mm&r=g","contentUrl":"https:\/\/secure.gravatar.com\/avatar\/6ecc878db5649b53fda11f292c9607d383ab88185d28bec22bda2f12dbce1ddc?s=96&d=mm&r=g","caption":"admin"}}]}},"_links":{"self":[{"href":"https:\/\/ddz.de\/en\/wp-json\/wp\/v2\/posts\/16664","targetHints":{"allow":["GET"]}}],"collection":[{"href":"https:\/\/ddz.de\/en\/wp-json\/wp\/v2\/posts"}],"about":[{"href":"https:\/\/ddz.de\/en\/wp-json\/wp\/v2\/types\/post"}],"author":[{"embeddable":true,"href":"https:\/\/ddz.de\/en\/wp-json\/wp\/v2\/users\/1"}],"replies":[{"embeddable":true,"href":"https:\/\/ddz.de\/en\/wp-json\/wp\/v2\/comments?post=16664"}],"version-history":[{"count":4,"href":"https:\/\/ddz.de\/en\/wp-json\/wp\/v2\/posts\/16664\/revisions"}],"predecessor-version":[{"id":16669,"href":"https:\/\/ddz.de\/en\/wp-json\/wp\/v2\/posts\/16664\/revisions\/16669"}],"wp:featuredmedia":[{"embeddable":true,"href":"https:\/\/ddz.de\/en\/wp-json\/wp\/v2\/media\/17108"}],"wp:attachment":[{"href":"https:\/\/ddz.de\/en\/wp-json\/wp\/v2\/media?parent=16664"}],"wp:term":[{"taxonomy":"category","embeddable":true,"href":"https:\/\/ddz.de\/en\/wp-json\/wp\/v2\/categories?post=16664"},{"taxonomy":"post_tag","embeddable":true,"href":"https:\/\/ddz.de\/en\/wp-json\/wp\/v2\/tags?post=16664"}],"curies":[{"name":"wp","href":"https:\/\/api.w.org\/{rel}","templated":true}]}}